{"id":920,"date":"2022-07-31T14:47:54","date_gmt":"2022-07-31T12:47:54","guid":{"rendered":"https:\/\/vilaghir.com\/?p=920"},"modified":"2022-07-31T15:01:17","modified_gmt":"2022-07-31T13:01:17","slug":"vedobeszed-a-lassu-halalbuntetes-ellen","status":"publish","type":"post","link":"https:\/\/vilaghir.com\/index.php\/2022\/07\/31\/vedobeszed-a-lassu-halalbuntetes-ellen\/","title":{"rendered":"V\u00e9d\u0151besz\u00e9d a lass\u00fa hal\u00e1lb\u00fcntet\u00e9s ellen"},"content":{"rendered":"\n<p>Salah Abdeslam \u00fcgyv\u00e9djei n\u00e9gy \u00f3r\u00e1n \u00e1t pr\u00f3b\u00e1lj\u00e1k arr\u00f3l meggy\u0151zni az esk\u00fcdteket, hogy az \u00fcgy\u00e9szs\u00e9g ind\u00edtv\u00e1nya ellen\u00e9re ne t\u00e9nyleges \u00e9letfogytiglani szabads\u00e1gveszt\u00e9sre \u00edt\u00e9lj\u00e9k a f\u0151v\u00e1dlottat, mert az egy \u201elass\u00fa hal\u00e1lb\u00fcntet\u00e9snek\u201d felelne meg.<\/p>\n\n\n\n<p>\u201eNem szabad, hogy ez a per a terrorizmus elleni k\u00fczdelem folytat\u00e1s\u00e1v\u00e1 v\u00e1ljon, \u00fajfajta eszk\u00f6z\u00f6kkel \u2013 mondja Martin Vettes, akir\u0151l Salah Abdeslam egy pillanatra nem veszi le tekintet\u00e9t a k\u00e9t\u00f3r\u00e1s v\u00e9d\u0151besz\u00e9d alatt. \u2013 A v\u00e1d azt k\u00e9ri, hogy v\u00e9glegesen \u00e1rtalmatlan\u00edtsanak egy ellens\u00e9get azzal, hogy t\u00e1rsadalmi hal\u00e1lb\u00fcntet\u00e9sre \u00edt\u00e9lik. V\u00e9g\u00fcl is azt k\u00e9rik \u00f6n\u00f6kt\u0151l \u2013 fordul az esk\u00fcdtek fel\u00e9, hogy az \u00e1ldozatok szenved\u00e9s\u00e9nek m\u00e9rt\u00e9k\u00e9ben b\u00fcntess\u00e9k Salah Abdeslamot. Ezt h\u00edvj\u00e1k szemet szem\u00e9rt, fogat fog\u00e9rt elvnek egy modernebb \u00e9s \u00fajragondolt verzi\u00f3ban. \u00c1ll\u00edt\u00f3lag a b\u0171nh\u0151d\u00e9s c\u00e9lja az, hogy jobb\u00e1 tegye az, akit b\u00fcntet \u2013 id\u00e9zi Nietzsch\u00e9t. &#8211; Amikor majd elgondolkodnak a d\u00f6nt\u00e9s\u00fck\u00f6n, azt k\u00e9rem, tegy\u00e9k fel maguknak ezt a k\u00e9rd\u00e9st: az \u00edt\u00e9let jobb\u00e1 teszi-e \u00f6n\u00f6ket?\u201d<\/p>\n\n\n<div class=\"wp-block-image\">\n<figure class=\"aligncenter size-large is-resized\"><img loading=\"lazy\" decoding=\"async\" src=\"https:\/\/vilaghir.com\/wp-content\/uploads\/2022\/07\/Abdeslam-ugyvedei-1024x683.webp\" alt=\"\" class=\"wp-image-921\" width=\"537\" height=\"358\" srcset=\"https:\/\/vilaghir.com\/wp-content\/uploads\/2022\/07\/Abdeslam-ugyvedei-1024x683.webp 1024w, https:\/\/vilaghir.com\/wp-content\/uploads\/2022\/07\/Abdeslam-ugyvedei-300x200.webp 300w, https:\/\/vilaghir.com\/wp-content\/uploads\/2022\/07\/Abdeslam-ugyvedei-768x512.webp 768w, https:\/\/vilaghir.com\/wp-content\/uploads\/2022\/07\/Abdeslam-ugyvedei-850x567.webp 850w, https:\/\/vilaghir.com\/wp-content\/uploads\/2022\/07\/Abdeslam-ugyvedei.webp 1200w\" sizes=\"auto, (max-width: 537px) 100vw, 537px\" \/><figcaption><em>Martin Vettes \u00e9s Olivia Ronen, Salah Abdeslam \u00fcgyv\u00e9dei<\/em><\/figcaption><\/figure>\n<\/div>\n\n\n<p>R\u00f6gt\u00f6n ut\u00e1na l\u00e9p mikrofon el\u00e9 a f\u0151v\u00e1dlott m\u00e1sik \u00fcgyv\u00e9dje, a t\u00f6r\u00e9keny termet\u0171 Olivia Ronen. Mindk\u00e9t v\u00e9d\u0151 32 \u00e9ves, pont annyi, mint Salah Abdeslam. Mindketten arr\u00f3l pr\u00f3b\u00e1lj\u00e1k meggy\u0151zni az esk\u00fcdteket, hogy ne t\u00e9nyleges \u00e9letfogytiglani szabads\u00e1gveszt\u00e9sre \u00edt\u00e9lj\u00e9k az \u00fcgyfel\u00fcket.<\/p>\n\n\n\n<p>A t\u00e9nyleges \u00e9letfogytiglani szabads\u00e1gveszt\u00e9s a legs\u00falyosabb b\u00fcntet\u00e9s a francia b\u00fcntet\u0151jogban, 1994-es bevezet\u00e9se \u00f3ta csak n\u00e9gy alkalommal alkalmazt\u00e1k a b\u00edr\u00f3s\u00e1gok kiskor\u00faak s\u00e9relm\u00e9re elk\u00f6vetett pszichopata b\u0171nelk\u00f6vet\u0151kkel szemben. \u201eSalah Abdeslam azonban k\u00f6zvetlen\u00fcl nem \u00f6lt meg senkit, \u0151 a mer\u00e9nyletsorozatot elk\u00f6vet\u0151 terrorkommand\u00f3 dezert\u0151r tagja \u00e9s egyetlen t\u00fal\u00e9l\u0151je\u201d \u2013 eml\u00e9kezet az \u00fcgyv\u00e9dn\u0151.<\/p>\n\n\n\n<p>A p\u00e1rizsi mer\u00e9nyletsorozat idej\u00e9n m\u00e9g csak a kiskor\u00faak s\u00e9relm\u00e9re, illetve hivatali szem\u00e9ly ellen elk\u00f6vetett ember\u00f6l\u00e9si k\u00eds\u00e9rlet volt s\u00fajthat\u00f3 t\u00e9nyleges \u00e9letfogytiglani b\u00f6rt\u00f6nb\u00fcntet\u00e9ssel, a terrorcselekm\u00e9nyben val\u00f3 r\u00e9szv\u00e9tel nem. A terrorelh\u00e1r\u00edt\u00e1si t\u00f6rv\u00e9nyt 2016-ban ugyan szigor\u00edtotta a parlament, de az visszamen\u0151 hat\u00e1llyal nem alkalmazhat\u00f3.&nbsp; Az \u00fcgy\u00e9szs\u00e9g az\u00e9rt k\u00e9rte a legszigor\u00fabb b\u00fcntet\u00e9st a f\u0151v\u00e1dlottra, mert a mer\u00e9nyletek egyik kitervel\u0151j\u00e9nek \u00e9s elk\u00f6vet\u0151j\u00e9nek tekinti. Mindenekel\u0151tt a rend\u0151r\u00f6k elleni ember\u00f6l\u00e9si k\u00eds\u00e9rletet illet\u0151en, amelyet val\u00f3j\u00e1ban a Bataclanban \u00f6ld\u00f6kl\u0151 h\u00e1rom terrorista k\u00f6vetett el.<\/p>\n\n\n\n<p>Salah Abdeslam azonban soha nem j\u00e1rt a Bataclanban, \u00e9s rend\u0151r\u00f6kre sem l\u0151tt soha. Azt \u00e1ll\u00edtja, hogy a t\u00e1mad\u00e1s est\u00e9j\u00e9n meggondolta mag\u00e1t, \u00e9s \u00fagy d\u00f6nt\u00f6tt: nem fog embert \u00f6lni. \u00dcgyv\u00e9dje szerint megsz\u00f3lalt benne a lelkiismeret, s ez indokolja azt, hogy meg kell hagyni sz\u00e1m\u00e1ra a rem\u00e9nyt, hogy n\u00e9h\u00e1ny \u00e9vtized m\u00falva esetleg szabadl\u00e1bra ker\u00fclhessen.\u00a0 A terrorelh\u00e1r\u00edt\u00e1si \u00fcgy\u00e9szs\u00e9g szerint azonban nem sz\u00e1m\u00edt, hogy a f\u0151v\u00e1dlott nem j\u00e1rt a Bataclanban, \u00e9s hogy az utols\u00f3 pillanatban megh\u00e1tr\u00e1lt \u00e9s nem robbantotta fel mag\u00e1t. A v\u00e1dirat szerint a t\u00e1mad\u00e1s c\u00e9lpontjai egy \u00e9s ugyanazon b\u0171nhelysz\u00ednt alkotnak, ami\u00e9rt Salah Abdeslam a t\u00f6bbi elk\u00f6vet\u0151vel egy\u00fctt egyforma m\u00e9rt\u00e9kben felel\u0151s. Olivia Ronen \u201ejogi fikci\u00f3nak\u201d tartja ezt az \u00e9rvel\u00e9st, amit \u00edgy foglal \u00f6ssze: \u201eTudjuk, hogy nem j\u00e1rt ott, de \u00fagy \u00edt\u00e9lj\u00fck el, mintha ott j\u00e1rt volna\u201d.\u00a0<\/p>\n\n\n\n<p>A v\u00e9d\u0151 szerint az \u00fcgy\u00e9szs\u00e9g azt szeretn\u00e9, ha Salah Abdeslam felelne a t\u00f6bbi v\u00e1dlott helyett is. \u201eEzt a kegyetlen b\u00fcntet\u00e9st k\u00e9rt\u00e9k volna a Bataclan igazi gyilkosaira, de miut\u00e1n \u0151k m\u00e1r nincsenek \u00e9letben, valaki m\u00e1st musz\u00e1j megb\u00fcntetni. A sors fintora, hogy \u00e9ppen az\u00e9rt \u00e1ll \u00f6n\u00f6k el\u0151tt valaki, mert megh\u00e1tr\u00e1lt. \u00c9s ez\u00e9rt kell neki m\u00e1sok helyett b\u0171nh\u0151dnie. Az \u00fcgy\u00e9szs\u00e9g nem az\u00e9rt akarja \u0151t b\u00fcntetni, amit elk\u00f6vetett, hanem jelk\u00e9pk\u00e9nt tekint r\u00e1\u201d.<\/p>\n\n\n\n<p>A v\u00e1d a t\u00e9nyleges \u00e9letfogytiglani szabads\u00e1gveszt\u00e9s kiszab\u00e1s\u00e1t a v\u00e1dlott vesz\u00e9lyess\u00e9ge miatt is indokoltnak tartja. \u201eAzt magyar\u00e1zz\u00e1k itt nek\u00fcnk \u2013 fogalmaz az \u00fcgyv\u00e9dn\u0151 v\u00e9d\u0151besz\u00e9de legk\u00e9nyesebb r\u00e9sz\u00e9hez \u00e9rve \u2013, hogy ha a fanatizmus egyszer megfert\u0151zte az agyat, a betegs\u00e9g m\u00e1r gy\u00f3gy\u00edthatatlan. Azaz Salah Abdeslam menthetetlen lenne\u201d. Arr\u00f3l pr\u00f3b\u00e1lja meggy\u0151zni az esk\u00fcdteket, hogy \u00fcgyfele nem olyan ideol\u00f3giailag agymosott terrorista, mint amilyennek az \u00fcgy\u00e9szs\u00e9g l\u00e1ttatni akarja. \u201eAz elm\u00falt hat \u00e9vben mindent megtett az\u00e9rt, hogy \u0151t tekints\u00e9k az els\u0151sz\u00e1m\u00fa k\u00f6zellens\u00e9gnek, de a perben, kock\u00e1ztatva az arcveszt\u00e9st \u00e9s a teljes \u00f6sszeoml\u00e1st, azt mondta \u00f6n\u00f6knek: \u00e9n nem az vagyok, akinek le\u00edrnak\u201d.<\/p>\n\n\n\n<p>A per t\u00edz h\u00f3napja alatt Salah Abdeslam v\u00e9gig azt a l\u00e1tszatot keltette, hogy habozik. Mint aki nem tudja eld\u00f6nteni, melyik szem\u00e9lyis\u00e9get v\u00e1lassza a k\u00e9t ellent\u00e9tes \u00e9nje k\u00f6z\u00fcl. A per legelej\u00e9n az Iszl\u00e1m \u00c1llam katon\u00e1jak\u00e9nt mutatkozott be, majd fokozatosan v\u00e1ltozott vissza azz\u00e1 a \u201ebr\u00fcsszeli kisember\u00e9\u201d aki \u00e1ll\u00edt\u00e1sa szerint a terrort\u00e1mad\u00e1sok idej\u00e9n is volt, s akihez a per vit\u00e1i alatt tal\u00e1lt vissza. Olivia Ronen szerint amikor a v\u00e9dence \u00e1prilis 15-\u00e9n eln\u00e9z\u00e9st k\u00e9rt az \u00e1ldozatokt\u00f3l , \u201eelfogadta, hogy megrepedt a p\u00e1nc\u00e9lja\u201d.&nbsp;<\/p>\n\n\n\n<div class=\"wp-block-columns is-layout-flex wp-container-core-columns-is-layout-9d6595d7 wp-block-columns-is-layout-flex\">\n<div class=\"wp-block-column is-layout-flow wp-block-column-is-layout-flow\">\n<p>\u201eTerm\u00e9szetesen ezt m\u00e9g nem tudja \u0151szint\u00e9n v\u00e1llalni, term\u00e9szetesen m\u00e9g ingadozik. El tudj\u00e1k k\u00e9pzelni azt a zavart, amit az v\u00e1ltana ki, ha teljesen levenn\u00e9 az Iszl\u00e1m \u00c1llam katon\u00e1j\u00e1nak egyenruh\u00e1j\u00e1t \u00f6n\u00f6k el\u0151tt? A radikalizmus felad\u00e1sa az neki olyan, mintha \u00faszni tanulna. Pr\u00f3b\u00e1lja mag\u00e1t egy kicsit elengedni, de mindig k\u00f6zel marad a medence sz\u00e9l\u00e9hez, mert soha nem lehet tudni, mi t\u00f6rt\u00e9nik, ha t\u00fals\u00e1gosan t\u00e1vol \u00faszik a partt\u00f3l, f\u00e9l\u0151, hogy megfullad. Ezt csin\u00e1lja most. Tanulja elhagyni a partot\u201d.<\/p>\n<\/div>\n\n\n\n<div class=\"wp-block-column is-layout-flow wp-block-column-is-layout-flow\"><div class=\"wp-block-image\">\n<figure class=\"aligncenter size-large is-resized\"><img loading=\"lazy\" decoding=\"async\" src=\"https:\/\/vilaghir.com\/wp-content\/uploads\/2022\/07\/Olivia-Ronen-2-1-683x1024.jpg\" alt=\"\" class=\"wp-image-930\" width=\"262\" height=\"392\" srcset=\"https:\/\/vilaghir.com\/wp-content\/uploads\/2022\/07\/Olivia-Ronen-2-1-683x1024.jpg 683w, https:\/\/vilaghir.com\/wp-content\/uploads\/2022\/07\/Olivia-Ronen-2-1-200x300.jpg 200w, https:\/\/vilaghir.com\/wp-content\/uploads\/2022\/07\/Olivia-Ronen-2-1-768x1152.jpg 768w, https:\/\/vilaghir.com\/wp-content\/uploads\/2022\/07\/Olivia-Ronen-2-1-300x450.jpg 300w, https:\/\/vilaghir.com\/wp-content\/uploads\/2022\/07\/Olivia-Ronen-2-1-850x1275.jpg 850w, https:\/\/vilaghir.com\/wp-content\/uploads\/2022\/07\/Olivia-Ronen-2-1.jpg 867w\" sizes=\"auto, (max-width: 262px) 100vw, 262px\" \/><figcaption><em>Olivia Ronen<\/em><\/figcaption><\/figure>\n<\/div><\/div>\n<\/div>\n\n\n\n<p>Salah Abdeslam per eleji viselked\u00e9s\u00e9nek ok\u00e1t a v\u00e9d\u0151 szerint fogva tart\u00e1s\u00e1nak k\u00f6r\u00fclm\u00e9nyeiben kell keresni. Amikor 2021. szeptember 8-\u00e1n feket\u00e9be \u00f6lt\u00f6zve provokat\u00edvan sz\u00f3lalt meg, \u00f6t \u00e9v elk\u00fcl\u00f6n\u00edt\u00e9s ut\u00e1n el\u0151sz\u00f6r tal\u00e1lta mag\u00e1t szembe emberekkel. Daniel Zagury elmeszak\u00e9rt\u0151 \u201ehallucinog\u00e9nnek\u201d min\u0151s\u00edtette a f\u0151v\u00e1dlott elm\u00falt \u00e9veinek \u00e9letk\u00f6r\u00fclm\u00e9nyeit, Olivia Ronen pedig ijeszt\u0151 k\u00e9pest fest v\u00e9dence b\u00f6rt\u00f6n\u00e9let\u00e9r\u0151l.<\/p>\n\n\n\n<p>\u201eBez\u00e1rtak egy embert kilenc n\u00e9gyzetm\u00e9terre, s megtiltottak neki minden kapcsolattart\u00e1st, id\u0151nk\u00e9nt t\u00f6bb nap is \u00fagy telik el, hogy egyetlen sz\u00f3t se sz\u00f3l. Az ember t\u00e1rsadalmi l\u00e9ny. Ha elvessz\u00fck t\u0151le ezt a funkci\u00f3j\u00e1t, csak az \u00e1llati \u00e9nje marad meg.&nbsp; Ha semmilyen tev\u00e9kenys\u00e9get nem enged\u00fcnk meg neki, folyamatosan kattog az agya. A besz\u00e9l\u0151n m\u00e9g a ritka l\u00e1togat\u00e1sai is szem\u00e9lytelenn\u00e9 v\u00e1ltak a telefon miatt. Plexilapot tettek az ablak\u00e1ra, hogy tiszta leveg\u0151 soha ne jusson be hozz\u00e1. Biztos\u00edtottak neki egy szobabiciklit meg egy evez\u0151t. Micsoda luxus, mondhatj\u00e1k egyesek, pedig m\u00e9g egy h\u00f6rcs\u00f6gnek is joga van a kerek\u00e9hez\u201d \u2013 magyar\u00e1zza az \u00fcgyv\u00e9dn\u0151. Majd \u00edgy folytatja: \u201eA v\u00e9g\u00e9re hagytam a legjobbat. Megfosztott\u00e1k minden intimit\u00e1st\u00f3l azzal, hogy k\u00e9t kamer\u00e1t helyeztek el a cell\u00e1j\u00e1ban, s \u00edgy hi\u00e1ba k\u00fcl\u00f6n\u00edtett\u00e9k el, soha nem lehet egyed\u00fcl. Minden \u00f3r\u00e1ban, minden percben megfigyelik, akkor is, amikor alszik, amikor im\u00e1dkozik, amikor olvas, amikor tusol, amikor v\u00e9c\u00e9n \u00fcl. K\u00e9pzelj\u00e9k el, ahogy a legintimebb pillanataikban is megfigyelik \u00f6n\u00f6ket! \u00c9s ez hat \u00e9v \u00e9s k\u00e9t h\u00f3napnyi, 2250 napnyi, azaz 54 ezer \u00f3r\u00e1nyi film r\u00f3la. \u00c9s mindez mi\u00e9rt? Az\u00e9rt, hogy a t\u00fal\u00e9l\u0151 nehogy \u00f6ngyilkos legyen. Fokozatot l\u00e9pt\u00fcnk a ment\u00e1lis k\u00ednz\u00e1sban, csak az\u00e9rt, hogy t\u00e1lc\u00e1n k\u00edn\u00e1lhassuk fel \u0151t. Mik\u00f6zben azzal vigasztal\u00f3dunk, hogy ez m\u00e9g mindig jobb, mint az Iszl\u00e1m \u00c1llam b\u00f6rt\u00f6nei. Ilyen alacsonyra s\u00fcllyedt\u00fcnk. De a mi dolgunk az, hogy ne adjuk meg magunkat annak a term\u00e9szetes v\u00e1gynak, amely azt dikt\u00e1lja, hogy a b\u0171n\u00f6snek ugyan\u00fagy kell szenvednie, mint ahogy \u0151 k\u00e9sztetetett szenved\u00e9sre m\u00e1sokat. Amikor minden rendben van, akkor nincsen sz\u00fcks\u00e9g\u00fcnk k\u00fcl\u00f6n\u00f6sebb elvekre. Azok akkor v\u00e1lna l\u00e9nyegess\u00e9, amikor nem szeretn\u00e9nk \u0151ket tiszteletben tartani. Vagy pedig egyszer\u0171en csak k\u00e9tsz\u00edn\u0171ek vagyunk, \u00e9s v\u00e9g\u00fcl is tisztess\u00e9gesebb lenne elfogadnunk \u00e9s kimondanunk, hogy szeretn\u00e9nk mi is szenved\u00e9st okozni\u201d.<\/p>\n\n\n\n<p>V\u00e9d\u0151besz\u00e9de v\u00e9g\u00e9n Olivia Ronen visszat\u00e9r a t\u00e9nyleges \u00e9letfogytiglani szabads\u00e1gveszt\u00e9s k\u00e9rd\u00e9s\u00e9re. \u201eA legf\u0151bb b\u00fcntet\u00e9ssel, a hal\u00e1lb\u00fcntet\u00e9ssel ellent\u00e9tben, e lass\u00fa hal\u00e1lb\u00fcntet\u00e9s bevezet\u00e9s\u00e9t viszonylagos \u00e9rdektelens\u00e9g k\u00f6vette. Amikor 1981-ben a hal\u00e1lb\u00fcntet\u00e9st elt\u00f6r\u00f6lt\u00e9k, \u00fagy gondoltuk, hogy egy k\u00ednz\u00e1st nem lehet egy m\u00e1sik k\u00ednz\u00e1ssal helyettes\u00edteni. Pedig h\u00e1t m\u00e9gis ez t\u00f6rt\u00e9nt. Ezek a mer\u00e9nyletek term\u00e9szetesen sz\u00f6rnyen kegyetlenek voltak. De az igazs\u00e1gszolg\u00e1ltat\u00e1s nem lehet az. Az igazs\u00e1gszolg\u00e1ltat\u00e1s nem egy t\u00f6megmozgalom. \u00c9s nem az a dolga, hogy a legy\u0151z\u00f6ttet rem\u00e9nytelens\u00e9gre \u00edt\u00e9lje\u201d \u2013 z\u00e1rja k\u00e9t\u00f3r\u00e1s besz\u00e9d\u00e9t a v\u00e9d\u0151.<\/p>\n","protected":false},"excerpt":{"rendered":"<p>Salah Abdeslam \u00fcgyv\u00e9djei n\u00e9gy \u00f3r\u00e1n \u00e1t pr\u00f3b\u00e1lj\u00e1k arr\u00f3l meggy\u0151zni az esk\u00fcdteket, hogy az \u00fcgy\u00e9szs\u00e9g ind\u00edtv\u00e1nya ellen\u00e9re ne t\u00e9nyleges \u00e9letfogytiglani szabads\u00e1gveszt\u00e9sre \u00edt\u00e9lj\u00e9k a f\u0151v\u00e1dlottat, mert az egy \u201elass\u00fa hal\u00e1lb\u00fcntet\u00e9snek\u201d felelne meg. \u201eNem szabad, hogy ez a per a terrorizmus elleni k\u00fczdelem folytat\u00e1s\u00e1v\u00e1 v\u00e1ljon, \u00fajfajta eszk\u00f6z\u00f6kkel \u2013 mondja Martin Vettes, akir\u0151l Salah Abdeslam egy pillanatra nem veszi&#8230;<\/p>\n","protected":false},"author":1,"featured_media":0,"comment_status":"closed","ping_status":"open","sticky":false,"template":"","format":"standard","meta":{"om_disable_all_campaigns":false,"_monsterinsights_skip_tracking":false,"_monsterinsights_sitenote_active":false,"_monsterinsights_sitenote_note":"","_monsterinsights_sitenote_category":0,"spay_email":"","footnotes":""},"categories":[1],"tags":[228,229,95,64,62],"class_list":["post-920","post","type-post","status-publish","format-standard","hentry","category-uncategorized","tag-eletfogytiglani","tag-martin-vettes","tag-olivia-ronen","tag-salah-abdeslam","tag-ugyvedek"],"jetpack_featured_media_url":"","_links":{"self":[{"href":"https:\/\/vilaghir.com\/index.php\/wp-json\/wp\/v2\/posts\/920","targetHints":{"allow":["GET"]}}],"collection":[{"href":"https:\/\/vilaghir.com\/index.php\/wp-json\/wp\/v2\/posts"}],"about":[{"href":"https:\/\/vilaghir.com\/index.php\/wp-json\/wp\/v2\/types\/post"}],"author":[{"embeddable":true,"href":"https:\/\/vilaghir.com\/index.php\/wp-json\/wp\/v2\/users\/1"}],"replies":[{"embeddable":true,"href":"https:\/\/vilaghir.com\/index.php\/wp-json\/wp\/v2\/comments?post=920"}],"version-history":[{"count":7,"href":"https:\/\/vilaghir.com\/index.php\/wp-json\/wp\/v2\/posts\/920\/revisions"}],"predecessor-version":[{"id":933,"href":"https:\/\/vilaghir.com\/index.php\/wp-json\/wp\/v2\/posts\/920\/revisions\/933"}],"wp:attachment":[{"href":"https:\/\/vilaghir.com\/index.php\/wp-json\/wp\/v2\/media?parent=920"}],"wp:term":[{"taxonomy":"category","embeddable":true,"href":"https:\/\/vilaghir.com\/index.php\/wp-json\/wp\/v2\/categories?post=920"},{"taxonomy":"post_tag","embeddable":true,"href":"https:\/\/vilaghir.com\/index.php\/wp-json\/wp\/v2\/tags?post=920"}],"curies":[{"name":"wp","href":"https:\/\/api.w.org\/{rel}","templated":true}]}}