{"id":913,"date":"2022-07-30T18:33:50","date_gmt":"2022-07-30T16:33:50","guid":{"rendered":"https:\/\/vilaghir.com\/?p=913"},"modified":"2022-07-30T18:34:19","modified_gmt":"2022-07-30T16:34:19","slug":"vedobeszed-az-eletfogytiglani-ellen","status":"publish","type":"post","link":"https:\/\/vilaghir.com\/index.php\/2022\/07\/30\/vedobeszed-az-eletfogytiglani-ellen\/","title":{"rendered":"V\u00e9d\u0151besz\u00e9d az \u00e9letfogytiglani ellen"},"content":{"rendered":"\n<p>Mohamed Abrini a f\u0151v\u00e1dlott gyerekkori bar\u00e1tja. \u00dcgyv\u00e9djei arr\u00f3l pr\u00f3b\u00e1lj\u00e1k meggy\u0151zni az esk\u00fcdteket, hogy ne az \u00fcgy\u00e9szs\u00e9g \u00e1ltal ind\u00edtv\u00e1nyozott \u00e9letfogytiglani, hanem csak harminc \u00e9v szabads\u00e1gveszt\u00e9sre \u00edt\u00e9lj\u00e9k \u00fcgyfel\u00fcket, aki a t\u00e1mad\u00e1s el\u0151tti este meggondolta mag\u00e1t.<\/p>\n\n\n\n<p>Mohamed Abrini a terrorkommand\u00f3 tagjak\u00e9nt a t\u00e1mad\u00e1st megel\u0151z\u0151 napon \u00e9rkezett Br\u00fcsszelb\u0151l P\u00e1rizsba, saj\u00e1t szavai szerint a \u201ehal\u00e1lkonvojjal\u201d, majd \u00e9jszaka taxival visszament a belga f\u0151v\u00e1rosba. N\u00e9gy h\u00f3napon \u00e1t bujk\u00e1lt, majd a br\u00fcsszeli rep\u00fcl\u0151t\u00e9ren t\u0171nt fel ism\u00e9t, a 2016. m\u00e1rcius\u00e1ban elk\u00f6vetett terrort\u00e1mad\u00e1sn\u00e1l. A t\u00e9rfigyel\u0151 kamer\u00e1k felv\u00e9telei szerint azzal a k\u00e9s\u0151bbi k\u00e9t \u00f6ngyilkos mer\u00e9nyl\u0151vel \u00e9rkezett, akik 16 embert \u00f6ltek meg. Neki is kamik\u00e1zek\u00e9nt kellett volna meghalnia, de az utols\u00f3 pillanatban meggondolta mag\u00e1t \u00e9s elmenek\u00fclt, bomb\u00e1it a maga el\u0151tt tolt csomaggy\u0171jt\u0151 kocsiban hagyta. N\u00e9h\u00e1ny h\u00e9ttel k\u00e9s\u0151bb vett\u00e9k \u0151rizetbe Br\u00fcsszelben. \u0150sszel a belga f\u0151v\u00e1rosban is b\u00edr\u00f3s\u00e1g el\u00e9 kell \u00e1llnia.<\/p>\n\n\n<div class=\"wp-block-image\">\n<figure class=\"aligncenter size-full is-resized\"><img loading=\"lazy\" decoding=\"async\" src=\"https:\/\/vilaghir.com\/wp-content\/uploads\/2022\/07\/Abrini-ugyvedei.jpg\" alt=\"\" class=\"wp-image-914\" width=\"505\" height=\"460\" srcset=\"https:\/\/vilaghir.com\/wp-content\/uploads\/2022\/07\/Abrini-ugyvedei.jpg 486w, https:\/\/vilaghir.com\/wp-content\/uploads\/2022\/07\/Abrini-ugyvedei-300x273.jpg 300w\" sizes=\"auto, (max-width: 505px) 100vw, 505px\" \/><figcaption><em>Marie Violleau \u00e9s Stanislas Eskenazi, Mohamed Abrini \u00fcgyv\u00e9dei<\/em><\/figcaption><\/figure>\n<\/div>\n\n\n<p>\u201eAz \u00e9letfogytiglani \u00fagy lebeg itt a fej\u00fcnk felett, mint egy kesely\u0171 az emberis\u00e9g felett \u2013 mondja vehemensen Marie Violleau \u00fcgyv\u00e9dn\u0151 az \u00f6t v\u00e1dlottat fenyeget\u0151 b\u00fcntet\u00e9sr\u0151l. \u2013 Az \u00e9letfogytiglani olyan mintha kivenn\u00e9k a cell\u00e1k r\u00e1csai k\u00f6z\u00fcl az eget. Mintha a b\u00f6rt\u00f6nudvarr\u00f3l kiszippantan\u00e1nk a friss leveg\u0151t. Mintha a b\u00f6rt\u00f6n plafonj\u00e1t olyan alacsonyra \u00e9p\u00edten\u00e9nk, hogy soha ne tudja mag\u00e1t kih\u00fazni az ember.\u201d Majd Abrini k\u00e9tszeres megfutamod\u00e1s\u00e1t pr\u00f3b\u00e1lja meg v\u00e9dence el\u0151ny\u00e9re ford\u00edtani. \u201eMohamed Abrini b\u0171n\u00f6s, meg fogj\u00e1k b\u00fcntetni, s ezt \u0151 is j\u00f3l tudja, de ne felejts\u00e9k el, hogy \u0151 v\u00e9gig k\u00e9telkedett. 2015. november 12-\u00e9n este nemet mondott, nem akarta v\u00e9gigcsin\u00e1lni k\u00fcldet\u00e9s\u00e9t, becsapta az ajt\u00f3t. \u0150 nem volt ott, nem fogott Kalasnyikovot a kez\u00e9ben, nem l\u00f6v\u00f6ld\u00f6z\u00f6tt vakt\u00e1ban a k\u00e1v\u00e9h\u00e1zi teraszokon, nem viselt robban\u00f3mell\u00e9nyt. November 13-\u00e1n nem \u00f6lt meg senkit.\u201d&nbsp; Marie Violleau arra is eml\u00e9keztet, hogy a perben Abrini n\u00e9h\u00e1ny \u00faj r\u00e9szlettel is szolg\u00e1lt a b\u00edr\u00f3s\u00e1g sz\u00e1m\u00e1ra, s egy\u00e9rtelm\u0171en elhat\u00e1rol\u00f3dott az Iszl\u00e1m \u00c1llamt\u00f3l.\u201d&nbsp;<\/p>\n\n\n\n<p>\u201eAz \u00e9letfogytiglani b\u00f6rt\u00f6nb\u00fcntet\u00e9s, a mag\u00e1nz\u00e1rka t\u00fal sok egy olyan embernek, aki menet k\u00f6zben meggondolta mag\u00e1t. T\u00fal sok, hiszen megtette az els\u0151 l\u00e9p\u00e9st a k\u00f6z\u00f6ss\u00e9g, az igazs\u00e1g fel\u00e9, amikor szembement az Iszl\u00e1m \u00c1llammal, \u00e9s az emberek k\u00f6z\u00f6ss\u00e9ge fel\u00e9 indult.\u201d<\/p>\n\n\n\n<p>Abrini \u00fcgyv\u00e9djei sz\u00edvesebben besz\u00e9lnek v\u00e9denc\u00fck \u00f6sszetett szem\u00e9lyis\u00e9g\u00e9r\u0151l, mint a mer\u00e9nyletek el\u0151k\u00e9sz\u00edt\u00e9s\u00e9ben j\u00e1tszott szerep\u00e9r\u0151l. \u00dagy v\u00e9lik, hogy az \u00edt\u00e9letnek tekintetbe kell vennie a v\u00e1dlottak szem\u00e9lyis\u00e9g\u00e9t is. \u201eAbrini a bizonytalans\u00e1g, a f\u00e9l\u00e1rny\u00e9k\u201d \u2013 fogalmaz Marie Violleau a kommand\u00f3 11. tagj\u00e1r\u00f3l, aki a perben az mondta: ha tehetn\u00e9, megvenn\u00e9 a vil\u00e1gb\u00e9k\u00e9t, de nincs annyi p\u00e9nze. \u201e\u0150 nem az Iszl\u00e1m \u00c1llam katon\u00e1ja, \u0151 csak azut\u00e1n indult el Sz\u00edri\u00e1ba, hogy megtudta: az \u00f6ccse ott halt meg. Ez volt a mozgat\u00f3r\u00fag\u00f3. Ahhoz, hogy \u00edt\u00e9lkezhess\u00fcnk, el\u0151bb meg kell \u00e9rteni a dolgokat\u201d.<\/p>\n\n\n\n<p>A megfutamodott terrorista m\u00e1sik \u00fcgyv\u00e9dje, a belga&nbsp; Stanislas Eskenazi azt a k\u00f6rnyezetet akarja meg\u00e9rtetni az esk\u00fcdtekkel, amelyben \u0151 maga is feln\u0151tt, Abrinihez \u00e9s a per legt\u00f6bb v\u00e1dlottj\u00e1hoz hasonl\u00f3an. \u00dagy besz\u00e9l r\u00f3luk, mint akikkel egy\u00fctt t\u00f6lt\u00f6tte volna gyerekkor\u00e1t a br\u00fcsszeli Molenbeek negyedben.&nbsp;&nbsp;&nbsp;<\/p>\n\n\n\n<p>\u201eMost elviszem \u00f6n\u00f6ket a h\u00e1zainkba, a nappalijainkba, a k\u00e1v\u00e9h\u00e1zainkba, \u00e9s megpr\u00f3b\u00e1lom \u00f6n\u00f6kkel meg\u00e9rtetni, hogy ezek az emberek mi\u00e9rt a sz\u00edriai harcokban tal\u00e1lt\u00e1k meg \u00e9let\u00fck \u00e9rtelm\u00e9t\u201d \u2013 kezdi az \u00fcgyv\u00e9d.&nbsp; Mosolyogva, szinte nosztalgi\u00e1zva mes\u00e9l Br\u00fcsszel marokk\u00f3i b\u00e1rjair\u00f3l, ahol kannabiszf\u00fcstben kock\u00e1znak az emberek, mik\u00f6zben a t\u00e9v\u00e9 az Al-Jazira arab h\u00edrcsatorn\u00e1ra van kapcsolva. \u201eEzeken a t\u00e9v\u00e9ken l\u00e1ttuk szeptember 11-\u00e9t, az afganiszt\u00e1ni \u00e9s az iraki konfliktust, az iraki Abu Ghra\u00efb b\u00f6rt\u00f6nr\u0151l k\u00e9sz\u00fclt felv\u00e9teleket (amelyeken amerikaiak k\u00ednoztak iraki foglyokat). L\u00e1ttuk az arab tavaszt \u00e9s a Nyugat \u00e1ltal fizetett dikt\u00e1torokat. Azt\u00e1n l\u00e1ttuk Sz\u00edri\u00e1t, Bass\u00e1r el-Aszad rezsimj\u00e9nek kegyetlenked\u00e9seit. Vannak olyan negyedek \u00e9s olyan hangulatok, amelyekben a dzsihadizmus t\u00e1ptalajra tal\u00e1l. Na, egy ilyen k\u00f6rnyezetben n\u0151tt fel Mohamed Abrini\u201d.<\/p>\n\n\n\n<p>Stanislas Eskenazi besz\u00e9de v\u00e9g\u00e9n ar\u00e1nyoss\u00e1got k\u00e9r az esk\u00fcdtsz\u00e9kt\u0151l az \u00edt\u00e9lkez\u00e9s sor\u00e1n. Reda Ham\u00e9t hozza fel p\u00e9ld\u00e1nak, akit Sz\u00edri\u00e1b\u00f3l k\u00fcldtek Eur\u00f3p\u00e1ba mer\u00e9nyletet elk\u00f6vetni, de id\u0151ben lekapcsolta \u0151t a francia terrorelh\u00e1r\u00edt\u00e1s. Tizenn\u00e9gy \u00e9v szabads\u00e1gveszt\u00e9sre \u00edt\u00e9lt\u00e9k, pedig neki nem \u00e1llt sz\u00e1nd\u00e9k\u00e1ban meggondolnia mag\u00e1t, eml\u00e9keztet az \u00fcgyv\u00e9d. Azt is felid\u00e9zi, hogy amikor meg Abrinit november 12-\u00e9n, lemondott arr\u00f3l, hogy \u00f6ngyilkos mer\u00e9nyl\u0151k\u00e9nt v\u00e9gezze, a terrorcsoportot vezet\u0151 Abaaoud azzal \u00f6szt\u00f6n\u00f6zte \u00e9s fenyegette, hogy ha nem teszi meg, \u00e9lete h\u00e1tral\u00e9v\u0151 r\u00e9sz\u00e9t akkor is b\u00f6rt\u00f6nben fogja t\u00f6lteni. \u201e\u00cdt\u00e9lkezzenek \u00fagy, hogy Abaaoudnak ne legyen igaza! Erre k\u00e9rem \u00f6n\u00f6ket\u201d \u2013 mondja Eskenazi.<\/p>\n","protected":false},"excerpt":{"rendered":"<p>Mohamed Abrini a f\u0151v\u00e1dlott gyerekkori bar\u00e1tja. \u00dcgyv\u00e9djei arr\u00f3l pr\u00f3b\u00e1lj\u00e1k meggy\u0151zni az esk\u00fcdteket, hogy ne az \u00fcgy\u00e9szs\u00e9g \u00e1ltal ind\u00edtv\u00e1nyozott \u00e9letfogytiglani, hanem csak harminc \u00e9v szabads\u00e1gveszt\u00e9sre \u00edt\u00e9lj\u00e9k \u00fcgyfel\u00fcket, aki a t\u00e1mad\u00e1s el\u0151tti este meggondolta mag\u00e1t. Mohamed Abrini a terrorkommand\u00f3 tagjak\u00e9nt a t\u00e1mad\u00e1st megel\u0151z\u0151 napon \u00e9rkezett Br\u00fcsszelb\u0151l P\u00e1rizsba, saj\u00e1t szavai szerint a \u201ehal\u00e1lkonvojjal\u201d, majd \u00e9jszaka taxival visszament a&#8230;<\/p>\n","protected":false},"author":1,"featured_media":0,"comment_status":"closed","ping_status":"open","sticky":false,"template":"","format":"standard","meta":{"om_disable_all_campaigns":false,"_monsterinsights_skip_tracking":false,"_monsterinsights_sitenote_active":false,"_monsterinsights_sitenote_note":"","_monsterinsights_sitenote_category":0,"spay_email":"","footnotes":""},"categories":[1],"tags":[228,18,133,62],"class_list":["post-913","post","type-post","status-publish","format-standard","hentry","category-uncategorized","tag-eletfogytiglani","tag-iszlam-allam","tag-mohamed-abrini","tag-ugyvedek"],"jetpack_featured_media_url":"","_links":{"self":[{"href":"https:\/\/vilaghir.com\/index.php\/wp-json\/wp\/v2\/posts\/913","targetHints":{"allow":["GET"]}}],"collection":[{"href":"https:\/\/vilaghir.com\/index.php\/wp-json\/wp\/v2\/posts"}],"about":[{"href":"https:\/\/vilaghir.com\/index.php\/wp-json\/wp\/v2\/types\/post"}],"author":[{"embeddable":true,"href":"https:\/\/vilaghir.com\/index.php\/wp-json\/wp\/v2\/users\/1"}],"replies":[{"embeddable":true,"href":"https:\/\/vilaghir.com\/index.php\/wp-json\/wp\/v2\/comments?post=913"}],"version-history":[{"count":1,"href":"https:\/\/vilaghir.com\/index.php\/wp-json\/wp\/v2\/posts\/913\/revisions"}],"predecessor-version":[{"id":915,"href":"https:\/\/vilaghir.com\/index.php\/wp-json\/wp\/v2\/posts\/913\/revisions\/915"}],"wp:attachment":[{"href":"https:\/\/vilaghir.com\/index.php\/wp-json\/wp\/v2\/media?parent=913"}],"wp:term":[{"taxonomy":"category","embeddable":true,"href":"https:\/\/vilaghir.com\/index.php\/wp-json\/wp\/v2\/categories?post=913"},{"taxonomy":"post_tag","embeddable":true,"href":"https:\/\/vilaghir.com\/index.php\/wp-json\/wp\/v2\/tags?post=913"}],"curies":[{"name":"wp","href":"https:\/\/api.w.org\/{rel}","templated":true}]}}