{"id":905,"date":"2022-06-29T11:37:21","date_gmt":"2022-06-29T09:37:21","guid":{"rendered":"https:\/\/vilaghir.com\/?p=905"},"modified":"2022-06-29T11:40:39","modified_gmt":"2022-06-29T09:40:39","slug":"a-feltetelezett-amszterdami-merenylojeloltek","status":"publish","type":"post","link":"https:\/\/vilaghir.com\/index.php\/2022\/06\/29\/a-feltetelezett-amszterdami-merenylojeloltek\/","title":{"rendered":"A felt\u00e9telezett amszterdami mer\u00e9nyl\u0151jel\u00f6ltek"},"content":{"rendered":"\n<p>B\u00e1r az amszterdami rep\u00fcl\u0151t\u00e9r k\u00e9t felt\u00e9telezett mer\u00e9nyl\u0151jel\u00f6ltj\u00e9t sz\u00e9tv\u00e1laszthatatlan p\u00e1rosk\u00e9nt kezeli az \u00fcgy\u00e9szs\u00e9g, \u00fcgyv\u00e9djeik teljesen k\u00fcl\u00f6nb\u00f6z\u0151 strat\u00e9gi\u00e1t v\u00e1lasztanak a v\u00e9d\u0151besz\u00e9deikben.&nbsp;<\/p>\n\n\n\n<p>2015 nyar\u00e1n Osama Krayem \u00e9s Sofien Ayari egy\u00fctt indult el Sz\u00edri\u00e1b\u00f3l a menek\u00fcltek \u00fatvonal\u00e1n a n\u00e9metorsz\u00e1gi Ulmba, ahol a f\u0151v\u00e1dlott, Salah Abdeslam v\u00e1rt r\u00e1juk, \u00e9s g\u00e9pkocsival vitte \u0151ket a terrorcsoport egyik br\u00fcsszeli b\u00fav\u00f3hely\u00e9re. Krayem sv\u00e9d \u00e1llampolg\u00e1r, 23 \u00e9ves volt ekkor, Ayari tun\u00e9ziai \u00e9s 22 \u00e9ves. Mindketten harcoltak Sz\u00edri\u00e1ban az Iszl\u00e1m \u00c1llam soraiban, \u00e9s mindketten s\u00falyosan megsebes\u00fcltek. Fel\u00e9p\u00fcl\u00e9s\u00fck ut\u00e1n v\u00e1lasztotta ki \u0151ket a dzsihadista szervezet \u201eeur\u00f3pai k\u00fcldet\u00e9sre\u201d. A p\u00e1rizsi terrort\u00e1mad\u00e1sok est\u00e9j\u00e9n, 2015. november 13-\u00e1n bizony\u00edthat\u00f3an az amszterdami rep\u00fcl\u0151t\u00e9ren j\u00e1rtak, a v\u00e1d szerint ott kellett volna terrort\u00e1mad\u00e1st v\u00e9grehajtaniuk, amit valami\u00e9rt nem tettek meg. Magyar\u00e1zatot egyik\u00fck sem adott, mindketten a hallgat\u00e1s jog\u00e1t v\u00e1lasztott\u00e1k a bizony\u00edt\u00e1si elj\u00e1r\u00e1sban.<\/p>\n\n\n\n<p>Krayem \u00e9s Ayari ugyanazt a dzsihadista utat j\u00e1rta v\u00e9gig, majdnem egyid\u0151sek, s mindkett\u0151j\u00fcket a terrort\u00e1mad\u00e1sokat elk\u00f6vet\u0151 b\u0171nsz\u00f6vetkezetben val\u00f3 r\u00e9szv\u00e9tellel v\u00e1dolj\u00e1k, ami\u00e9rt \u00e9letfogytiglani szabads\u00e1gveszt\u00e9st ind\u00edtv\u00e1nyozott az \u00fcgy\u00e9szs\u00e9g. M\u00edg Krayem \u00fcgyv\u00e9dje, Margaux Durand-Poincloux a francia terrorellenes jog apr\u00f3 r\u00e9szleteit kihaszn\u00e1lva \u00e9rvel besz\u00e9d\u00e9ben, Ayari belga v\u00e9d\u0151je, Isa Gultaslar \u2013 a geopolitikai helyzetre hivatkozva \u2013 megalapozatlannak tartja a v\u00e1dpontokat, s \u00fagy v\u00e9li, hogy a francia t\u00f6rv\u00e9nykez\u00e9s helyett a <em>fegyveres konfliktusokat szab\u00e1lyoz\u00f3 humanit\u00e1rius nemzetk\u00f6zi jogot<\/em> kellene alkalmazni \u00fcgyfele eset\u00e9ben. <\/p>\n\n\n\n<p>Krayem \u00fcgyv\u00e9dje szerint az \u00fcgy\u00e9szs\u00e9g arra a felt\u00e9telez\u00e9s\u00e9re alapozza a v\u00e1dat, hogy a terrorkommand\u00f3 tagjai ak\u00e1r fel is cser\u00e9lhet\u0151k egym\u00e1ssal, ez a magyar\u00e1zata annak, hogy a p\u00e1rizsi mer\u00e9nyletsorozat per\u00e9ben \u00edt\u00e9lkeznek a felt\u00e9telezett amszterdami mer\u00e9nyl\u0151jel\u00f6ltek \u00fcgy\u00e9ben is. Az \u00fcgy\u00e9szek szerint v\u00e9letlenszer\u0171 volt, hogy a t\u00e1mad\u00e1s szervez\u0151i melyik helysz\u00ednre \u00e9ppen kit k\u00fcldtek a gyilkos feladattal. Miut\u00e1n Krayem \u00e9s Ayari Sz\u00edri\u00e1ban elfogadta a megb\u00edz\u00e1st, ezzel a p\u00e1rizsi kommand\u00f3kat er\u0151s\u00edtett\u00e9k, lehet\u0151v\u00e9 t\u00e9ve azokba m\u00e1s harcosok bevon\u00e1s\u00e1t is.&nbsp;&nbsp;<\/p>\n\n\n\n<div class=\"wp-block-columns is-layout-flex wp-container-core-columns-is-layout-9d6595d7 wp-block-columns-is-layout-flex\">\n<div class=\"wp-block-column is-layout-flow wp-block-column-is-layout-flow\"><div class=\"wp-block-image\">\n<figure class=\"aligncenter size-full is-resized\"><img loading=\"lazy\" decoding=\"async\" src=\"https:\/\/vilaghir.com\/wp-content\/uploads\/2022\/06\/Margaux-Durand-Poincloux-1.jpg\" alt=\"\" class=\"wp-image-907\" width=\"264\" height=\"398\"\/><figcaption><em>Margaux Durand-Poincloux<\/em><\/figcaption><\/figure>\n<\/div><\/div>\n\n\n\n<div class=\"wp-block-column is-layout-flow wp-block-column-is-layout-flow\">\n<p>Az \u00fcgy\u00e9szs\u00e9g ezen jogi \u00e9rvel\u00e9s\u00e9t Margaux Durand-Poincloux elutas\u00edtja. \u201eEz a megk\u00f6zel\u00edt\u00e9s annyira impresszionista, hogy k\u00f6zelebb \u00e1ll Van Gogh utols\u00f3 korszak\u00e1hoz, mint Renoirhoz\u201d \u2013 mondja. \u2013 \u201eDe, ha elfogadn\u00e1nk is, hogy a hollandiai \u00fat b\u0171nr\u00e9szess\u00e9gnek min\u0151s\u00fcl, azt tudjuk csup\u00e1n az \u00e1ll\u00edt\u00f3lag a rep\u00fcl\u0151t\u00e9rre tervezett mer\u00e9nyletr\u0151l, hogy a v\u00e1dlottak Br\u00fcsszelb\u0151l Amszterdamba utaztak Eurolines busszal. Mik\u00f6zben pontosan tiszt\u00e1ban vannak azzal, hogy a busz tele van feh\u00e9r b\u0151r\u0171 raszt\u00e1kkal, akik f\u00fcvet v\u00e1s\u00e1rolni mennek Hollandi\u00e1ba, \u00e9s biztos, hogy emiatt ellen\u0151rzik majd a busz minden utas\u00e1t. De \u0151k m\u00e9gis ezzel a busszal mennek mer\u00e9nyletet v\u00e9grehajtani?\u201d<\/p>\n<\/div>\n<\/div>\n\n\n\n<p>A nyomozati jegyz\u0151k\u00f6nyvb\u0151l azt is tudjuk, hogy a terrorcsoport egyik tagja, Ahmed Dahmani, a p\u00e1rizsi terrort\u00e1mad\u00e1s m\u00e1snapj\u00e1n az amszterdami rep\u00fcl\u0151t\u00e9rr\u0151l indult el Sz\u00edri\u00e1ba. \u201eMelyik terrorcsoport robbantan\u00e1 fel azt a rep\u00fcl\u0151teret, ahonnan gondosan megszervezte el\u0151z\u0151leg egyik tagj\u00e1nak a t\u00e1voz\u00e1s\u00e1t? \u00d6n\u00f6k \u2013 fordul az \u00fcgyv\u00e9dn\u0151 az \u00fcgy\u00e9szek fel\u00e9 \u2013 megpr\u00f3b\u00e1lj\u00e1k itt nek\u00fcnk a k\u00f6rt n\u00e9gysz\u00f6ges\u00edteni. Az amszterdami rep\u00fcl\u0151t\u00e9r nem lehetett a p\u00e1rizsi mer\u00e9nyletsorozatot el\u0151k\u00e9sz\u00edt\u0151 tervek egyik helysz\u00edne. Igaz\u00e1b\u00f3l nem is tudjuk, volt-e szerepe az eg\u00e9sz akci\u00f3ban.\u201d<\/p>\n\n\n\n<p>Miut\u00e1n nem bizony\u00edtott az amszterdami mer\u00e9nyletterv, \u00e9s arra sincsenek bizony\u00edt\u00e9kok, hogy Krayem t\u00e9nylegesen seg\u00edtette a p\u00e1rizsi mer\u00e9nyletsorozatot, \u00fcgyv\u00e9dje \u00fagy v\u00e9li, hogy \u00e1t kellene min\u0151s\u00edteni a v\u00e1dpontokat, s azok \u00e9rtelm\u00e9ben \u00fcgyfele nem \u00e9letfogytiglani, hanem maxim\u00e1lisan h\u00fasz \u00e9v szabads\u00e1gveszt\u00e9ssel lehetne s\u00fajthat\u00f3.&nbsp;&nbsp;<\/p>\n\n\n\n<p>Sofien Ayari \u00fcgyv\u00e9dje, Isa Gultaslar viszont nem foglalkozik a t\u00e9nyekkel. \u00dagy v\u00e9li, hogy a fegyveres er\u0151kre, m\u00e9g akkori is, ha egy\u00e9bk\u00e9nt terrorist\u00e1k, nem alkalmazhat\u00f3 a francia terrorelh\u00e1r\u00edt\u00e1si jog, eset\u00fckben a nemzetk\u00f6zi jog szerint kellene \u00fcgyfel\u00e9t b\u00edr\u00f3s\u00e1g el\u00e9 \u00e1ll\u00edtani.<\/p>\n\n\n\n<div class=\"wp-block-columns is-layout-flex wp-container-core-columns-is-layout-9d6595d7 wp-block-columns-is-layout-flex\">\n<div class=\"wp-block-column is-layout-flow wp-block-column-is-layout-flow\">\n<p>\u201eHa \u00fagy tekintik, hogy Sofien Ayari az Iszl\u00e1m \u00c1llam tagja \u2013 kezdi \u00e9rvel\u00e9s\u00e9t \u2013, \u00e9s harcosk\u00e9nt volt jelen egy olyan fegyveres konfliktus\u00f6vezetben, amelynek Franciaorsz\u00e1g is r\u00e9sze volt, akkor a 2015. november 13-\u00e1n P\u00e1rizsban t\u00f6rt\u00e9nteket h\u00e1bor\u00fas b\u0171ntettnek kell nyilv\u00e1n\u00edtani, s a nemzetk\u00f6zi humanit\u00e1rius jog alkalmazand\u00f3 a konfliktusban r\u00e9sztvev\u0151 orsz\u00e1gokban elk\u00f6vetett b\u0171ntettekre, <\/p>\n<\/div>\n\n\n\n<div class=\"wp-block-column is-layout-flow wp-block-column-is-layout-flow\"><div class=\"wp-block-image\">\n<figure class=\"aligncenter size-full is-resized\"><img loading=\"lazy\" decoding=\"async\" src=\"https:\/\/vilaghir.com\/wp-content\/uploads\/2022\/06\/Isa-Gultaslar.jpg\" alt=\"\" class=\"wp-image-908\" width=\"513\" height=\"342\" srcset=\"https:\/\/vilaghir.com\/wp-content\/uploads\/2022\/06\/Isa-Gultaslar.jpg 460w, https:\/\/vilaghir.com\/wp-content\/uploads\/2022\/06\/Isa-Gultaslar-300x200.jpg 300w\" sizes=\"auto, (max-width: 513px) 100vw, 513px\" \/><figcaption><em>Isa Gultaslar <\/em><\/figcaption><\/figure>\n<\/div><\/div>\n<\/div>\n\n\n\n<p>m\u00e9g akkor is, ha a konfliktus helysz\u00edne m\u00e1sutt van. Franciaorsz\u00e1g elk\u00f6telez\u0151d\u00f6tt Sz\u00edri\u00e1ban, azaz r\u00e9szt vett a h\u00e1bor\u00faban. K\u00f6vetkez\u00e9sk\u00e9pp a november 13-\u00e1n elk\u00f6vetett cselekm\u00e9nyeket h\u00e1bor\u00fas b\u0171ntetteknek kell nyilv\u00e1n\u00edtani.\u201d.<\/p>\n\n\n\n<p>Nem val\u00f3sz\u00edn\u0171, hogy az esk\u00fcdtsz\u00e9k elfogadja Isa Gultaslar \u00e9rvel\u00e9s\u00e9t, akinek v\u00e9d\u0151besz\u00e9de a terrorizmust m\u00e1s olvasatban k\u00edv\u00e1nja felt\u00fcntetni, mint amit a perben megsz\u00f3lal\u00f3k t\u00f6bbs\u00e9ge. Szerinte ugyanis \u201enem a vall\u00e1s \u00e1ll a mer\u00e9nyletek h\u00e1tter\u00e9ben, hanem a h\u00e1bor\u00fa\u201d, s utal arra, hogy tun\u00e9ziai \u00fcgyfele egy\u00e9rtelm\u0171en kifejtette: nem vall\u00e1si, hanem politikai okokb\u00f3l csatlakozott az Iszl\u00e1m \u00c1llamhoz, mert di\u00e1kk\u00e9nt nagy hat\u00e1ssal volt r\u00e1 a Tun\u00e9zi\u00e1ban kirobbant \u201earab tavasz\u201d, amely v\u00e9gigs\u00f6p\u00f6rt az eg\u00e9sz K\u00f6zel-Keleten.<\/p>\n","protected":false},"excerpt":{"rendered":"<p>B\u00e1r az amszterdami rep\u00fcl\u0151t\u00e9r k\u00e9t felt\u00e9telezett mer\u00e9nyl\u0151jel\u00f6ltj\u00e9t sz\u00e9tv\u00e1laszthatatlan p\u00e1rosk\u00e9nt kezeli az \u00fcgy\u00e9szs\u00e9g, \u00fcgyv\u00e9djeik teljesen k\u00fcl\u00f6nb\u00f6z\u0151 strat\u00e9gi\u00e1t v\u00e1lasztanak a v\u00e9d\u0151besz\u00e9deikben.&nbsp; 2015 nyar\u00e1n Osama Krayem \u00e9s Sofien Ayari egy\u00fctt indult el Sz\u00edri\u00e1b\u00f3l a menek\u00fcltek \u00fatvonal\u00e1n a n\u00e9metorsz\u00e1gi Ulmba, ahol a f\u0151v\u00e1dlott, Salah Abdeslam v\u00e1rt r\u00e1juk, \u00e9s g\u00e9pkocsival vitte \u0151ket a terrorcsoport egyik br\u00fcsszeli b\u00fav\u00f3hely\u00e9re. Krayem sv\u00e9d \u00e1llampolg\u00e1r,&#8230;<\/p>\n","protected":false},"author":1,"featured_media":0,"comment_status":"closed","ping_status":"open","sticky":false,"template":"","format":"standard","meta":{"om_disable_all_campaigns":false,"_monsterinsights_skip_tracking":false,"_monsterinsights_sitenote_active":false,"_monsterinsights_sitenote_note":"","_monsterinsights_sitenote_category":0,"spay_email":"","footnotes":""},"categories":[1],"tags":[226,227,135,137,180,62],"class_list":["post-905","post","type-post","status-publish","format-standard","hentry","category-uncategorized","tag-amszterdam","tag-nemzetkozi-jog","tag-osama-krayem","tag-sofien-ayari","tag-ugyeszseg","tag-ugyvedek"],"jetpack_featured_media_url":"","_links":{"self":[{"href":"https:\/\/vilaghir.com\/index.php\/wp-json\/wp\/v2\/posts\/905","targetHints":{"allow":["GET"]}}],"collection":[{"href":"https:\/\/vilaghir.com\/index.php\/wp-json\/wp\/v2\/posts"}],"about":[{"href":"https:\/\/vilaghir.com\/index.php\/wp-json\/wp\/v2\/types\/post"}],"author":[{"embeddable":true,"href":"https:\/\/vilaghir.com\/index.php\/wp-json\/wp\/v2\/users\/1"}],"replies":[{"embeddable":true,"href":"https:\/\/vilaghir.com\/index.php\/wp-json\/wp\/v2\/comments?post=905"}],"version-history":[{"count":4,"href":"https:\/\/vilaghir.com\/index.php\/wp-json\/wp\/v2\/posts\/905\/revisions"}],"predecessor-version":[{"id":912,"href":"https:\/\/vilaghir.com\/index.php\/wp-json\/wp\/v2\/posts\/905\/revisions\/912"}],"wp:attachment":[{"href":"https:\/\/vilaghir.com\/index.php\/wp-json\/wp\/v2\/media?parent=905"}],"wp:term":[{"taxonomy":"category","embeddable":true,"href":"https:\/\/vilaghir.com\/index.php\/wp-json\/wp\/v2\/categories?post=905"},{"taxonomy":"post_tag","embeddable":true,"href":"https:\/\/vilaghir.com\/index.php\/wp-json\/wp\/v2\/tags?post=905"}],"curies":[{"name":"wp","href":"https:\/\/api.w.org\/{rel}","templated":true}]}}