{"id":879,"date":"2022-06-20T18:27:26","date_gmt":"2022-06-20T16:27:26","guid":{"rendered":"https:\/\/vilaghir.com\/?p=879"},"modified":"2022-06-21T14:11:15","modified_gmt":"2022-06-21T12:11:15","slug":"segito-kezek","status":"publish","type":"post","link":"https:\/\/vilaghir.com\/index.php\/2022\/06\/20\/segito-kezek\/","title":{"rendered":"Seg\u00edt\u0151 kezek"},"content":{"rendered":"\n<p>Az \u00fcgy\u00e9szs\u00e9g \u00e1ltal csak \u201eseg\u00edt\u0151 kezeknek\u201d nevezett v\u00e1dlottak \u00fcgyv\u00e9djeinek besz\u00e9d\u00e9vel kezd\u0151dik meg a v\u00e9delem k\u00e9t hete a p\u00e1rizsi esk\u00fcdtsz\u00e9ken. T\u00f6bbs\u00e9g\u00fck felment\u00e9st, de legal\u00e1bbis k\u00edm\u00e9letes b\u00e1n\u00e1sm\u00f3dot k\u00e9r a b\u00edr\u00e1kt\u00f3l az \u00e9rintett n\u00e9gy gyan\u00fas\u00edtott meg\u00edt\u00e9l\u00e9s\u00e9ben.&nbsp;<\/p>\n\n\n\n<p>\u00d6t \u00e9s nyolc \u00e9v k\u00f6z\u00f6tti szabads\u00e1gveszt\u00e9s kiszab\u00e1s\u00e1t ind\u00edtv\u00e1nyozta a v\u00e1dhat\u00f3s\u00e1g Mohammed Amri, Hamza Attou, Ali Oulkadi \u00e9s Abdellah Chouaa ellen. Mindannyian a belgiumi Molenbeekben laknak, h\u00e1rman k\u00f6z\u00fcl\u00fck szabadl\u00e1bon v\u00e9dekeznek. Amri \u00e9s Attou ment el Salah Abdeslam\u00e9rt P\u00e1rizsba november 14-re virrad\u00f3 \u00e9jjel, \u00e9s vitte haza Br\u00fcsszelbe. Oulkadi m\u00e1r Br\u00fcsszelben sz\u00e1ll\u00edtotta tov\u00e1bb a f\u0151v\u00e1dlottat a b\u00fav\u00f3helye k\u00f6zel\u00e9be, Chouaa pedig Mohamed Abrini bar\u00e1tja volt, \u0151t sz\u00e1ll\u00edtotta t\u00f6bb alkalommal is.&nbsp;<\/p>\n\n\n<div class=\"wp-block-image\">\n<figure class=\"aligncenter size-full is-resized\"><img loading=\"lazy\" decoding=\"async\" src=\"https:\/\/vilaghir.com\/wp-content\/uploads\/2022\/06\/Molenbeek-Les-Beguines.webp\" alt=\"\" class=\"wp-image-880\" width=\"581\" height=\"327\" srcset=\"https:\/\/vilaghir.com\/wp-content\/uploads\/2022\/06\/Molenbeek-Les-Beguines.webp 720w, https:\/\/vilaghir.com\/wp-content\/uploads\/2022\/06\/Molenbeek-Les-Beguines-300x169.webp 300w\" sizes=\"auto, (max-width: 581px) 100vw, 581px\" \/><\/figure>\n<\/div>\n\n\n<p>Az \u00fcgy\u00e9szs\u00e9g \u00fagy l\u00e1tja, hogy az els\u0151 h\u00e1romnak \u2013 mivel rendszeresen j\u00e1rtak az Abdeslam-fiv\u00e9rek molenbeeki <em>Les B\u00e9guines<\/em> k\u00e1v\u00e9z\u00f3j\u00e1ba, \u201etudat\u00e1ban kellett lenni\u00fck, hogy a testv\u00e9rek \u00e9rdekl\u0151dnek a dzsihadista n\u00e9zetek ir\u00e1nt\u201d, hiszen a k\u00e1v\u00e9z\u00f3ban rendszeresen n\u00e9zt\u00e9k sz\u00e1m\u00edt\u00f3g\u00e9p\u00fck\u00f6n az Iszl\u00e1m \u00c1llam propaganda-felv\u00e9teleit. A negyedikr\u0151l, Abdellah Choua\u00e1r\u00f3l sem l\u00e1tja megalapozottnak az \u00fcgy\u00e9szs\u00e9g, hogy nem volt tiszt\u00e1ban bar\u00e1tja, Mohamed Abrini n\u00e9zeteivel, amikor kik\u00eds\u00e9rte a rep\u00fcl\u0151t\u00e9rre, majd \u00e9rte is ment, amikor az Sz\u00edri\u00e1b\u00f3l hazat\u00e9rt. De azt mindegyik\u00fck eset\u00e9ben elfogadja a v\u00e1dhat\u00f3s\u00e1g, hogy \u0151k maguk nem iszlamist\u00e1k, \u00e9s a mer\u00e9nylettervr\u0151l nem tudtak. Az \u00fcgy\u00e9szs\u00e9g \u00fagy v\u00e9li, hogy ezeket a v\u00e1dlottakat az\u00e9rt kell el\u00edt\u00e9lni, mert tudt\u00e1k, hogy a bar\u00e1taik a \u201edzsihadista \u00fcgyet\u201d szolg\u00e1lt\u00e1k, a v\u00e9d\u0151k viszont arr\u00f3l pr\u00f3b\u00e1lj\u00e1k meggy\u0151zni az esk\u00fcdteket, hogy fogalmuk sem volt bar\u00e1taik konkr\u00e9t terveir\u0151l, amikor sz\u00edvess\u00e9get tettek nekik.<\/p>\n\n\n\n<p>Salah Abdeslam els\u0151k\u00e9nt Mohammed Amrit h\u00edvta fel P\u00e1rizsb\u00f3l, \u00e9s k\u00e9rt t\u0151le seg\u00edts\u00e9get a mer\u00e9nyletsorozat \u00e9jszak\u00e1j\u00e1n. Amrit azzal is v\u00e1dolj\u00e1k, hogy bar\u00e1tj\u00e1t elvitte kocsival az aut\u00f3k\u00f6lcs\u00f6nz\u0151be, hogy b\u00e9relhessen g\u00e9pkocsikat, amelyekkel azt\u00e1n Abdeslam Magyarorsz\u00e1gr\u00f3l Br\u00fcsszelbe sz\u00e1ll\u00edtotta a Sz\u00edri\u00e1b\u00f3l \u00e9rkezett terrorist\u00e1kat. Vajon tudta-e Amri, hogy a bar\u00e1tja mire haszn\u00e1lta azokat az aut\u00f3kat?<\/p>\n\n\n\n<div class=\"wp-block-columns is-layout-flex wp-container-core-columns-is-layout-9d6595d7 wp-block-columns-is-layout-flex\">\n<div class=\"wp-block-column is-layout-flow wp-block-column-is-layout-flow\">\n<p>V\u00e9d\u0151je, Negar Haeri \u201esok sikert\u201d k\u00edv\u00e1n az esk\u00fcdteknek ahhoz, hogy megv\u00e1laszolj\u00e1k ezt a k\u00e9rd\u00e9st. \u201eNem egyszer\u0171en egy ember meg\u00edt\u00e9l\u00e9se most az \u00f6n\u00f6k felel\u0151ss\u00e9ge \u2013 mondja \u2013, hanem az \u0151 \u00edt\u00e9l\u0151k\u00e9pess\u00e9g\u00e9nek ut\u00f3lagos meg\u00e1llap\u00edt\u00e1sa. Kifejezetten abszurd helyzet az, amikor egy palack vizet ad valaki a bar\u00e1tj\u00e1nak, akir\u0151l tudja, hogy iszlamista, \u00e9s ez\u00e9rt harminc \u00e9v szabads\u00e1gveszt\u00e9ssel s\u00fajthat\u00f3, ha a bar\u00e1tja bombagy\u00e1rt\u00e1sra haszn\u00e1lja fel a vizet.\u201d Szerinte Amri nem egyszer\u0171en nem \u00e9szlelte az Abdeslam-fiv\u00e9rek radikaliz\u00e1l\u00f3d\u00e1st, folyv\u00e1st hallotta t\u0151l\u00fck, de l\u00e1tta is, ahogy \u00e9lvezik az \u00e9letet. Az utols\u00f3 napig egy\u00fctt l\u00f3gtak, egy\u00fctt f\u00fcveztek, buliztak Amrival.<\/p>\n<\/div>\n\n\n\n<div class=\"wp-block-column is-layout-flow wp-block-column-is-layout-flow\"><div class=\"wp-block-image\">\n<figure class=\"aligncenter size-full is-resized\"><img loading=\"lazy\" decoding=\"async\" src=\"https:\/\/vilaghir.com\/wp-content\/uploads\/2022\/06\/Nager-Haeri.jpg\" alt=\"\" class=\"wp-image-881\" width=\"272\" height=\"406\"\/><figcaption><em>Negar Haeri<\/em><\/figcaption><\/figure>\n<\/div><\/div>\n<\/div>\n\n\n\n<p>A 37 \u00e9ves villanyszerel\u0151, Ali Oulkadi, a kamik\u00e1zek\u00e9nt meghalt Brahim Abdeslam egyik legjobb bar\u00e1tja volt. Amikor a terrort\u00e1mad\u00e1s m\u00e1snapj\u00e1n h\u00edv\u00e1st kapott a <em>Les B\u00e9guines<\/em> egyik felszolg\u00e1l\u00f3j\u00e1t\u00f3l, m\u00e9g semmit nem sejtve elment a megjel\u00f6lt helyre. Ott Salah Abdeslam v\u00e1rta, s\u00e1padtan, fej\u00e9n kapucnival. \u201eAzt azonnal meg\u00e9rtette, hogy valami t\u00f6rt\u00e9nt \u2013 ismeri el v\u00e9d\u0151je, Marie Dos\u00e9.&nbsp; \u2013 Abdeslam azonnal besz\u00e9lni kezdett neki a mer\u00e9nyletekr\u0151l s a b\u00e1tyj\u00e1r\u00f3l, Brahimr\u00f3l, aki felrobbantotta mag\u00e1t, \u00e9s \u00fagy fogalmazott, hogy az eg\u00e9szet az \u0151 nyak\u00e1ba akarj\u00e1k varrni, s emiatt most nagy bajban van.\u201d V\u00e9d\u0151i szerint Ali Oulkadi semmit nem \u00e9rtett az eg\u00e9szb\u0151l, \u00fagy \u00e9rtelmezte a hallottakat, hogy Abdeslam\u00e9k bet\u00f6rtek valahova, s ott valami mal\u0151r t\u00f6rt\u00e9nt. Bizony\u00edt\u00e9k erre a v\u00e9delem szerint az, hogy v\u00e9dence m\u00e9g aznap este SMS-t k\u00fcld\u00f6tt Brahim Abdeslam telefonj\u00e1ra: \u201eMinden ok\u00e9? Megvagy?\u201d Salah Abdeslam a szembes\u00edt\u00e9skor azt \u00e1ll\u00edtotta, hogy Oulkadi \u201eekkor m\u00e9g nem tudhatta, hogy \u00e9n vagyok az els\u0151sz\u00e1m\u00fa k\u00f6zellens\u00e9g\u201d. Ez volt az egyetlen alkalom, hogy megt\u00f6rte a hallgat\u00e1s cs\u00f6ndj\u00e9t a f\u0151v\u00e1dlott a nyomoz\u00e1s sor\u00e1n.&nbsp; Az \u00fcgy\u00e9szs\u00e9g szerint azonban Oulkadinak tudnia kellett, hogy a bar\u00e1tja, Brahim Abdeslam radik\u00e1liss\u00e1 v\u00e1lt. Oulkadi vitte ki a b\u00e1rtulajdonost a rep\u00fcl\u0151t\u00e9rre 2015. janu\u00e1rban, hogy T\u00f6r\u00f6korsz\u00e1gba menjen, s onnan majd \u00e1tsz\u00f6kj\u00f6n Sz\u00edri\u00e1ba. Ez a v\u00e1dhat\u00f3s\u00e1g szerint arra utal, hogy Oulkadi elfogad\u00f3 volt a dzsihadista ideol\u00f3gi\u00e1val szemben. M\u00e1sik \u00fcgyv\u00e9dje szerint azonban Oulkadi soha nem vette komolyan, amit Brahim besz\u00e9lt, \u00e9s puszt\u00e1n az a t\u00e9ny, hogy rendszeresen l\u00e1togatta a <em>Les B\u00e9guines<\/em>-t, nem el\u00e9gs\u00e9ges a b\u0171ncselekm\u00e9ny meg\u00e1llap\u00edt\u00e1s\u00e1hoz.&nbsp;&nbsp;&nbsp;<\/p>\n\n\n\n<p>Tan\u00fak bizony\u00edtj\u00e1k, hogy Oulkadi gyakorta vit\u00e1ba sz\u00e1llt Brahimmal, amikor az az iszlamist\u00e1kat m\u00e9ltatta. \u00dcgyv\u00e9djei szerint emiatt sem \u00e1ll\u00edthat\u00f3, hogy b\u00e1rmi k\u00f6ze lenne a \u201edzsihadista \u00fcgyh\u00f6z\u201d. \u201eHa rendszeresen j\u00e1rok egy b\u00e1rba, ahol mellettem valaki f\u00fcvezik, az azt jelenti, hogy elj\u00e1r\u00e1s indulhat ellenem k\u00e1b\u00edt\u00f3szer-kereskedelem miatt?\u201d \u2013 teszik fel a k\u00e9rd\u00e9st a v\u00e9d\u0151k.<\/p>\n\n\n\n<p>Mohamed Amri v\u00e9d\u0151je, Negar Haeri \u2013 aki felment\u00e9st k\u00e9r \u00fcgyfel\u00e9re \u2013 l\u00e9nyeg\u00e9ben ugyanezt a k\u00e9rd\u00e9st teszi fel: \u201eAmikor Amri l\u00e1tta, hogy Salah Abdeslam dzsihadista felv\u00e9teleket n\u00e9z, sejtenie kellett volna, hogy terrort\u00e1mad\u00e1sra k\u00e9sz\u00fcl? K\u00e9rem, ne pr\u00f3b\u00e1ljanak meg Mohamed Amri gondolataib\u00f3l valami olyat kiolvasni, ami nem is l\u00e9tezik!\u201d<\/p>\n\n\n\n<p>Hamza Attou a legfiatalabb v\u00e1dlott. Id\u0151nk\u00e9nt felszolg\u00e1lt Abdeslam\u00e9k b\u00e1rj\u00e1ban, de els\u0151sorban f\u00fcvet \u00e1rult a klienseknek. 21 \u00e9ves volt, amikor elk\u00eds\u00e9rte Mohamed Amrit P\u00e1rizsba, hogy onnan Br\u00fcsszelbe vigy\u00e9k Adeslamot, az \u00fcgy\u00e9szs\u00e9g megfogalmaz\u00e1sa szerint hogy \u201ekicsemp\u00e9szt\u00e9k\u201d Franciaorsz\u00e1gb\u00f3l. \u201dA f\u00e9lelem, a fenyeget\u0151 l\u00e9gk\u00f6r, a f\u00fcvez\u00e9s \u00e9s a f\u00e1radts\u00e1g hat\u00e1sa alatt Hamza Attou 21 \u00e9vesen nem volt k\u00e9pes j\u00f3 d\u00f6nt\u00e9seket hozni \u2013 \u00e9rvel v\u00e9d\u0151je. \u2013 Neki, aki az elmeszak\u00e9rt\u0151 szerint naiv, s\u0151t hisz\u00e9keny \u00e9s befoly\u00e1solhat\u00f3, azt h\u00e1nyj\u00e1k a szem\u00e9re, hogy nem tudott nemet mondani. Soha nem fogjuk megtudni, hogy mi magunk helyesebben viselkedt\u00fcnk volna-e a hely\u00e9ben\u201d. A v\u00e9d\u0151 kiemeli, hogy Attou \u201evall\u00e1si kult\u00far\u00e1ja a z\u00e9r\u00f3val egyenl\u0151\u201d, \u00e9s semmit nem tudott a t\u00e1mad\u00e1sokr\u00f3l, amikor elindult P\u00e1rizsba. \u201eFolyamatosan f\u00fcvezett, ivott, semmit nem l\u00e1tott abb\u00f3l, ami k\u00f6r\u00fcl\u00f6tte t\u00f6rt\u00e9nik, nem \u00e9rtette a vil\u00e1got.\u201d<\/p>\n\n\n\n<p>November 13-\u00e1n este Hamza Attou \u00e9ppen f\u00fcvet \u00e1rult, amikor Salah Abdeslam felh\u00edvta \u00e9s megk\u00e9rte, hogy menjen \u00e9rte Franciaorsz\u00e1gba, mert elromlott az aut\u00f3ja. \u0150 el\u0151sz\u00f6r megpr\u00f3b\u00e1lta ler\u00e1zni, de Abdeslam annyira er\u0151sk\u00f6d\u00f6tt, hogy v\u00e9g\u00fcl engedett. \u201eInnen P\u00e1rizsb\u00f3l \u00e9s most felfoghatatlannak t\u0171nik, hogy semmit nem tudott a mer\u00e9nyletekr\u0151l. Minket el\u00e1rasztottak a h\u00edrek, de 300 kilom\u00e9terre innen? Attou egyszer\u0171en azt gondolta, hogy elmegy a bar\u00e1tj\u00e1\u00e9rt, akinek seg\u00edts\u00e9gre van sz\u00fcks\u00e9ge\u201d \u2013 mondja az \u00fcgyv\u00e9d.<\/p>\n\n\n\n<p>Salah Abdeslam a vissza\u00faton mindent elmes\u00e9lt k\u00e9t bar\u00e1tj\u00e1nak. A terrorelh\u00e1r\u00edt\u00e1si \u00fcgy\u00e9szs\u00e9g ez\u00e9rt azzal v\u00e1dolja Attou-t, hogy miut\u00e1n visszat\u00e9rtek Br\u00fcsszelbe, seg\u00edtett Abdeslamnak elb\u00fajni: elment vele a piacra ruh\u00e1kat venni, elk\u00eds\u00e9rte fodr\u00e1szhoz, vett neki telefont. \u201eEz \u00edgy van, de mindezt az\u00e9rt tudjuk, mert \u0151 maga mondta el a kihallgat\u00e1sa sor\u00e1n\u201d \u2013 emeli ki a m\u00e1sik \u00fcgyv\u00e9dje, Delphine Boesel.&nbsp; Az \u00fcgy\u00e9szs\u00e9g Attour\u00f3l is azt gondolja, hogy tudott Abdeslam\u00e9k radikaliz\u00e1l\u00f3d\u00e1s\u00e1r\u00f3l, hiszen jelen volt, amikor lefejez\u00e9seket n\u00e9ztek a neten. \u201eA <em>Les B\u00e9guines<\/em> k\u00e1v\u00e9z\u00f3 nem az Iszl\u00e1m \u00c1llam rajong\u00f3i klubja volt \u2013 v\u00e1laszolja a v\u00e1dlott belga \u00fcgyv\u00e9dje, Delphine Paci, aki szerint Hamza Attou csak f\u00fcvet \u00e1rulni j\u00e1rt be oda. \u2013 Ott alkoholt is felszolg\u00e1ltak, k\u00e1rty\u00e1ztak, sakkoztak, doh\u00e1nyoztak, sz\u00f3val nagyon k\u00fcl\u00f6nb\u00f6z\u0151 emberek j\u00e1rtak oda.\u201d<\/p>\n\n\n\n<p>\u201e\u00c9ppen az\u00e9rt, mert sz\u00f6rny\u0171 cselekm\u00e9nyekr\u0151l \u00edt\u00e9lkeznek, az \u00f6n\u00f6k d\u00f6nt\u00e9se fogja meghat\u00e1rozni, hogy mit jelent terrorista b\u0171nsz\u00f6vetkezetben r\u00e9szt venni\u201d \u2013 mondja Adrien Sorrentino, a 41 \u00e9ves Abdellah Chouaa \u00fcgyv\u00e9dje. V\u00e9denc\u00e9re hat \u00e9v szabads\u00e1gveszt\u00e9s kiszab\u00e1s\u00e1t k\u00e9rte az \u00fcgy\u00e9szs\u00e9g, a v\u00e9d\u0151 felment\u00e9st ind\u00edtv\u00e1nyoz. \u201eHa Abdellah Choua\u00e1r\u00f3l kimondj\u00e1k, hogy terrorista, ezzel az eg\u00e9sz vil\u00e1gnak azt \u00fczenik, hogy a sz\u00f6rny\u0171 m\u00e9sz\u00e1rl\u00e1sban szerepe volt\u201d \u2013 mondja.<\/p>\n\n\n<div class=\"wp-block-image\">\n<figure class=\"aligncenter size-full is-resized\"><img decoding=\"async\" src=\"https:\/\/vilaghir.com\/wp-content\/uploads\/2022\/06\/Salle-daudience-1.jpg\" alt=\"\" class=\"wp-image-882\" width=\"-730\" height=\"-487\" srcset=\"https:\/\/vilaghir.com\/wp-content\/uploads\/2022\/06\/Salle-daudience-1.jpg 960w, https:\/\/vilaghir.com\/wp-content\/uploads\/2022\/06\/Salle-daudience-1-300x200.jpg 300w, https:\/\/vilaghir.com\/wp-content\/uploads\/2022\/06\/Salle-daudience-1-768x512.jpg 768w, https:\/\/vilaghir.com\/wp-content\/uploads\/2022\/06\/Salle-daudience-1-850x567.jpg 850w\" sizes=\"(max-width: 960px) 100vw, 960px\" \/><\/figure>\n<\/div>\n\n\n<p>Chouaa, a br\u00fcsszeli illet\u0151s\u00e9g\u0171 csal\u00e1dapa 2015 nyar\u00e1n \u00e9szlelte a v\u00e1ltoz\u00e1st Mohamed Abrinin\u00e9l, amikor annak \u00f6ccse Sz\u00edri\u00e1ban meghalt iszlamista harcosk\u00e9nt. Szomor\u00fabb \u00e9s kem\u00e9nyebb ember lett, de az \u00e9letm\u00f3dj\u00e1n nem v\u00e1ltoztatott, szerette a l\u00e1nyokat, a szerencsej\u00e1t\u00e9kot \u00e9s az alkoholt, rendszeresen j\u00e1rtak egy\u00fctt sals\u00e1zni. Chouaa akkoriban a br\u00fcsszeli rep\u00fcl\u0151t\u00e9ren dolgozott, egy 100 n\u00e9gyzetm\u00e9teres lak\u00e1sban egyed\u00fcl \u00e9lt, frissen elv\u00e1ltan, a fi\u00e1val foglalkozott, \u00e9s t\u00e1rskeres\u0151 oldalakat l\u00e1togatott. Nem vall\u00e1sos, de a lak\u00e1s\u00e1ban lefoglalt sz\u00e1m\u00edt\u00f3g\u00e9pen dzsihadista oldalak l\u00e1togat\u00e1sa k\u00f6vethet\u0151 nyomon. \u0150 err\u0151l azt mondja, hogy m\u00e1s is hozz\u00e1f\u00e9rhetett a g\u00e9p\u00e9hez, p\u00e9ld\u00e1ul Mohamed Abrini is. Choua\u00e1t azzal v\u00e1dolja az \u00fcgy\u00e9szs\u00e9g, hogy hozta-vitte a bar\u00e1tj\u00e1t a rep\u00fcl\u0151t\u00e9rre, amikor az Sz\u00edri\u00e1ba utazott. \u00dcgyv\u00e9dje szerint viszont Choua\u00e1t \u00e1tverte Abrini. Eml\u00e9keztet arra, hogy Choua ebben az id\u0151szakban feljelentette a saj\u00e1t iszlamista \u00f6ccs\u00e9t a rend\u0151rs\u00e9g\u00e9n, amikor megtudta r\u00f3la, hogy Sz\u00edri\u00e1ba k\u00e9sz\u00fcl. Azt is jelezte a rend\u0151rs\u00e9gi inform\u00e1tornak, hogy gyan\u00fas neki Abrini, s emiatt vizsg\u00e1lat is indult. \u201eEgy olyan embert akarnak el\u00edt\u00e9lni, akin kereszt\u00fcl eljuthattak volna a terrorist\u00e1kig. Ha \u0151t el\u00edt\u00e9lik, a terrorizmus gy\u0151z ism\u00e9t. Ez elfogadhatatlan \u00e9s \u00e9rthetetlen. Neki van a legkev\u00e9sb\u00e9 k\u00f6ze a mer\u00e9nyletek elk\u00f6vet\u00e9s\u00e9hez, \u00e9s neki van a legt\u00f6bb vesztenival\u00f3ja\u201d \u2013 hangs\u00falyozza az \u00fcgyv\u00e9dje.\u00a0<\/p>\n\n\n\n<p>A v\u00e9d\u0151k elmondj\u00e1k, hogy a szabadl\u00e1bon v\u00e9dekez\u0151 v\u00e1dlottak a t\u00fal\u00e9l\u0151k k\u00eds\u00e9ret\u00e9ben elmentek a Bataclanhoz \u00e9s egy\u00fctt eml\u00e9keztek meg az \u00e1ldozatokr\u00f3l. A per idej\u00e9n, azokon a napokon, amikor nincs t\u00e1rgyal\u00e1s, valamennyien dolgoznak, Oulkadi \u00e9s Chouaa Br\u00fcsszelben, m\u00edg Attou az Ubernek sof\u0151rk\u00f6dik, s valamennyien el\u00edt\u00e9lt\u00e9k a terrort\u00e1mad\u00e1st.<\/p>\n\n\n\n<p>Ali Oulkadit \u00e9s Hamza Attou-t \u00f6t, illetve hat \u00e9vre \u00edt\u00e9ltetn\u00e9 az \u00fcgy\u00e9szs\u00e9g, m\u00edg a hat \u00e9ve el\u0151zetesben l\u00e9v\u0151 Mohamed Amri v\u00e1rhat\u00f3an hamarosan szabadulhat, ha az esk\u00fcdtsz\u00e9k az \u00fcgy\u00e9szs\u00e9g \u00e1ltal javasolt b\u00fcntet\u00e9seket szabja ki.&nbsp;<\/p>\n","protected":false},"excerpt":{"rendered":"<p>Az \u00fcgy\u00e9szs\u00e9g \u00e1ltal csak \u201eseg\u00edt\u0151 kezeknek\u201d nevezett v\u00e1dlottak \u00fcgyv\u00e9djeinek besz\u00e9d\u00e9vel kezd\u0151dik meg a v\u00e9delem k\u00e9t hete a p\u00e1rizsi esk\u00fcdtsz\u00e9ken. T\u00f6bbs\u00e9g\u00fck felment\u00e9st, de legal\u00e1bbis k\u00edm\u00e9letes b\u00e1n\u00e1sm\u00f3dot k\u00e9r a b\u00edr\u00e1kt\u00f3l az \u00e9rintett n\u00e9gy gyan\u00fas\u00edtott meg\u00edt\u00e9l\u00e9s\u00e9ben.&nbsp; \u00d6t \u00e9s nyolc \u00e9v k\u00f6z\u00f6tti szabads\u00e1gveszt\u00e9s kiszab\u00e1s\u00e1t ind\u00edtv\u00e1nyozta a v\u00e1dhat\u00f3s\u00e1g Mohammed Amri, Hamza Attou, Ali Oulkadi \u00e9s Abdellah Chouaa ellen. Mindannyian a&#8230;<\/p>\n","protected":false},"author":1,"featured_media":0,"comment_status":"closed","ping_status":"open","sticky":false,"template":"","format":"standard","meta":{"om_disable_all_campaigns":false,"_monsterinsights_skip_tracking":false,"_monsterinsights_sitenote_active":false,"_monsterinsights_sitenote_note":"","_monsterinsights_sitenote_category":0,"spay_email":"","footnotes":""},"categories":[1],"tags":[165,170,169,195,62],"class_list":["post-879","post","type-post","status-publish","format-standard","hentry","category-uncategorized","tag-amri","tag-chouaa","tag-hamza-attou","tag-oulkadi","tag-ugyvedek"],"jetpack_featured_media_url":"","_links":{"self":[{"href":"https:\/\/vilaghir.com\/index.php\/wp-json\/wp\/v2\/posts\/879","targetHints":{"allow":["GET"]}}],"collection":[{"href":"https:\/\/vilaghir.com\/index.php\/wp-json\/wp\/v2\/posts"}],"about":[{"href":"https:\/\/vilaghir.com\/index.php\/wp-json\/wp\/v2\/types\/post"}],"author":[{"embeddable":true,"href":"https:\/\/vilaghir.com\/index.php\/wp-json\/wp\/v2\/users\/1"}],"replies":[{"embeddable":true,"href":"https:\/\/vilaghir.com\/index.php\/wp-json\/wp\/v2\/comments?post=879"}],"version-history":[{"count":6,"href":"https:\/\/vilaghir.com\/index.php\/wp-json\/wp\/v2\/posts\/879\/revisions"}],"predecessor-version":[{"id":888,"href":"https:\/\/vilaghir.com\/index.php\/wp-json\/wp\/v2\/posts\/879\/revisions\/888"}],"wp:attachment":[{"href":"https:\/\/vilaghir.com\/index.php\/wp-json\/wp\/v2\/media?parent=879"}],"wp:term":[{"taxonomy":"category","embeddable":true,"href":"https:\/\/vilaghir.com\/index.php\/wp-json\/wp\/v2\/categories?post=879"},{"taxonomy":"post_tag","embeddable":true,"href":"https:\/\/vilaghir.com\/index.php\/wp-json\/wp\/v2\/tags?post=879"}],"curies":[{"name":"wp","href":"https:\/\/api.w.org\/{rel}","templated":true}]}}