{"id":795,"date":"2022-04-21T11:46:19","date_gmt":"2022-04-21T09:46:19","guid":{"rendered":"https:\/\/vilaghir.com\/?p=795"},"modified":"2022-04-21T15:21:20","modified_gmt":"2022-04-21T13:21:20","slug":"abdeslam-segitoi","status":"publish","type":"post","link":"https:\/\/vilaghir.com\/index.php\/2022\/04\/21\/abdeslam-segitoi\/","title":{"rendered":"Abdeslam seg\u00edt\u0151i"},"content":{"rendered":"\n<p>Utols\u00f3 szakasz\u00e1hoz \u00e9rkezett a bizony\u00edt\u00e1si elj\u00e1r\u00e1s. A k\u00f6vetkez\u0151 k\u00e9t h\u00e9tben a t\u00e1mad\u00e1st k\u00f6vet\u0151 \u00e9jszak\u00e1n t\u00f6rt\u00e9nteket, \u00e9s a r\u00e1k\u00f6vetkez\u0151 napokat vizsg\u00e1lja az esk\u00fcdtsz\u00e9k, valamint Salah Abdeslam menek\u00fcl\u00e9s\u00e9t.<\/p>\n\n\n\n<p>Els\u0151k\u00e9nt k\u00e9t nyomoz\u00f3 mondja el, mit der\u00edtettek ki a f\u0151v\u00e1dlott menek\u00fcl\u00e9s\u00e9nek els\u0151 \u00f3r\u00e1ir\u00f3l Franciaorsz\u00e1gban, majd Belgiumban. 2015. november 13-\u00e1n este 10 \u00f3r\u00e1n\u00e1l kezd\u0151dik a besz\u00e1mol\u00f3.&nbsp; Ekkor m\u00e1r mindh\u00e1rom \u00f6ngyilkos mer\u00e9nyl\u0151 felrobbantotta mag\u00e1t a Stade de France-n\u00e1l, a k\u00e1v\u00e9h\u00e1zi teraszokon is v\u00e9get \u00e9rt az \u00f6ld\u00f6kl\u00e9s, a Bataclanban m\u00e9g tart a v\u00e9rengz\u00e9s.<\/p>\n\n\n\n<p>Salah Abdeslam, miut\u00e1n kitette az \u00f6ngyilkos mer\u00e9nyl\u0151ket a stadion k\u00f6zel\u00e9ben, a Renault Clio t\u00edpus\u00fa g\u00e9pkocsival visszaindult P\u00e1rizsba, s az \u00e9szaki XVIII. ker\u00fcletben, az Albert-Kahn t\u00e9ren letette az aut\u00f3t. K\u00e9rd\u00e9s, hogy mi\u00e9rt pont ott. Abban az \u00fczenetben, amelyben az Iszl\u00e1m \u00c1llam a t\u00e1mad\u00e1s m\u00e1snapj\u00e1n, november 14-\u00e9n mag\u00e1ra v\u00e1llalta a t\u00e1mad\u00e1st, t\u00e9ved\u00e9sb\u0151l megeml\u00edt egy mer\u00e9nyletet a XVIII. ker\u00fcletben is, ahol pedig semmi nem t\u00f6rt\u00e9nt. A nyomoz\u00f3k azt gyan\u00edtj\u00e1k, hogy a terrorkommand\u00f3 egyetlen \u00e9letben marad tagj\u00e1nak ott kellett volna felrobbantania mag\u00e1t. Salah Abdeslam azt mondta bar\u00e1tainak, hogy bement egy b\u00e1rba, de miut\u00e1n ott fiatalokat l\u00e1tott, nem hozta m\u0171k\u00f6d\u00e9sbe az \u00f6v\u00e9t \u2013 id\u00e9z az egyik rend\u0151r a jegyz\u0151k\u00f6nyvb\u0151l. De az is lehet, hogy a metr\u00f3 volt az igazi c\u00e9lpont. A br\u00fcsszeli kuk\u00e1ban tal\u00e1lt sz\u00e1m\u00edt\u00f3g\u00e9pben ugyanis a November 13. elnevez\u00e9s\u0171 mer\u00e9nylettervben az \u201eMetr\u00f3-csoport\u201d n\u00e9ven szerepel egy f\u00e1jl, azaz a metr\u00f3ban is lett volna egy t\u00e1mad\u00e1s, ami ismeretlen okokb\u00f3l meghi\u00fasult. Letart\u00f3ztat\u00e1s\u00e1t k\u00f6vet\u0151en a v\u00e1dlott azt \u00e1ll\u00edtotta, hogy ott hagyta az aut\u00f3t, felsz\u00e1llt a 4-es metr\u00f3ra, \u00e9s ment vele egy-k\u00e9t meg\u00e1ll\u00f3t.<\/p>\n\n\n\n<div class=\"wp-block-image\"><figure class=\"aligncenter size-full is-resized\"><img loading=\"lazy\" decoding=\"async\" src=\"https:\/\/vilaghir.com\/wp-content\/uploads\/2022\/04\/Amri-Attou.jpg\" alt=\"\" class=\"wp-image-796\" width=\"550\" height=\"343\" srcset=\"https:\/\/vilaghir.com\/wp-content\/uploads\/2022\/04\/Amri-Attou.jpg 640w, https:\/\/vilaghir.com\/wp-content\/uploads\/2022\/04\/Amri-Attou-300x188.jpg 300w\" sizes=\"auto, (max-width: 550px) 100vw, 550px\" \/><\/figure><\/div>\n\n\n\n<p>A nyomoz\u00f3kt\u00f3l az is tudjuk, hogy Salah Abdeslam 22 \u00f3ra 30-kor bement egy trafikba, \u00e9s vett egy telefonk\u00e1rty\u00e1t, amellyel azonnal felh\u00edvta egy br\u00fcsszeli bar\u00e1tj\u00e1t, Mohammed Amrit, \u00e9s megk\u00e9rte, j\u00f6jj\u00f6n \u00e9rte P\u00e1rizsba, mert aut\u00f3balesetet szenvedett. Amri \u2013 aki szint\u00e9n a v\u00e1dlottak padj\u00e1n \u00fcl \u2013 azt v\u00e1laszolta, hogy nem \u00e9r r\u00e1, mert hajnali 2-ig szolg\u00e1latban van. (Szoci\u00e1lis munk\u00e1sk\u00e9nt dolgozott a br\u00fcsszeli hajl\u00e9ktalanok ell\u00e1t\u00e1s\u00e1ban.) Abdeslamon akkor p\u00e1nik lett \u00farr\u00e1, felv\u00e1ltva h\u00edvogatta Hamza Attou-t, aki szint\u00e9n v\u00e1dlottja a pernek, \u00e9s \u00fajra Amrit, hogy szervezz\u00e9k meg a hazavitel\u00e9t. Egyik p\u00e1rizsi unokatestv\u00e9r\u00e9t is felh\u00edvta, akivel m\u00e1r h\u00e1rom \u00e9ve nem besz\u00e9lt, de t\u0151le azt a v\u00e1laszt kapta, hogy nem mozdul ki a lak\u00e1sb\u00f3l a mer\u00e9nyletek miatt, majd felh\u00edvta a rend\u0151rs\u00e9get, mert gyan\u00fasnak tartotta a br\u00fcsszeli rokon seg\u00edts\u00e9gk\u00e9r\u00e9s\u00e9t.<\/p>\n\n\n\n<p>Hajnali 2 \u00f3rakor Mohammed Amri befejezte a munk\u00e1t, \u00e9s Hamza Attouval elindult P\u00e1rizsba. Salah Abdeslam k\u00f6zben \u00e1tment P\u00e1rizs d\u00e9li cs\u00fccsk\u00e9be, \u00e9s a Chatillon nev\u0171 el\u0151v\u00e1rosban v\u00e1rta \u0151ket. Nem egy\u00e9rtelm\u0171, hogy mikor \u00e9s mi\u00e9rt ment oda. Egy kuk\u00e1ba dobta a robban\u00f3\u00f6v\u00e9t, majd egy l\u00e9pcs\u0151h\u00e1zban h\u00fazta meg mag\u00e1t k\u00e9t kamaszfi\u00faval, akiknek Abdelk\u00e9nt mutatkozott be, \u00e9s azt mondta, hogy elromlott az aut\u00f3ja, a csal\u00e1dj\u00e1t v\u00e1rja, hogy \u00e9rte j\u00f6jjenek, \u00e9s azt k\u00e9rte a sr\u00e1cokt\u00f3l, hogy engedj\u00e9k be a l\u00e9pcs\u0151h\u00e1zba, mert f\u00e9l a mer\u00e9nyletek miatt. A k\u00e9t fi\u00fa k\u00f6zben mobiltelefonon k\u00f6vette a tragikus este h\u00edrad\u00e1sait. Salah Abdeslam csatlakozott hozz\u00e1juk, nem sokat besz\u00e9lt, egy id\u0151 ut\u00e1n mag\u00e1ra is hagyt\u00e1k.<\/p>\n\n\n\n<p>Amri \u00e9s Attou hajnali f\u00e9l 6-kor \u00e9rkezett a h\u00e1z el\u00e9, felvett\u00e9k Abdeslamot, \u00e9s azonnal indultak is vissza Belgiumba. \u00datk\u00f6zben a dzsihadista ellentmond\u00e1sosan \u00e9s zavarosan besz\u00e9lt, bevallotta nekik, hogy r\u00e9szt vett a mer\u00e9nyletsorozatban. H\u00e1romszor igazoltatt\u00e1k \u0151ket az aut\u00f3p\u00e1ly\u00e1n, de mehettek tov\u00e1bb, Abdeslamot m\u00e9g nem kereste a rend\u0151rs\u00e9g. D\u00e9lel\u0151tt 11-kor \u00e9rtek Br\u00fcsszelbe. Abdeslam \u00faj ruhanem\u0171t v\u00e1s\u00e1rolt, fodr\u00e1szhoz ment, r\u00f6vidre v\u00e1gatta a haj\u00e1t \u00e9s leborotv\u00e1ltatta a szak\u00e1ll\u00e1t. \u00c1tsz\u00e1llt ( a szint\u00e9n v\u00e1dlott) Ali Oulkadi aut\u00f3j\u00e1ba, akivel n\u00e9h\u00e1ny kilom\u00e9terrel arr\u00e9bb, a terrorcsoport egyik b\u00fav\u00f3hely\u00e9nek k\u00f6zel\u00e9be vitette mag\u00e1t. \u201eEz az utols\u00f3 alkalom, hogy tal\u00e1lkozunk\u201d \u2013 mondta Oulkadinak. A kivet\u00edt\u0151n egy fot\u00f3 jelenik meg, amelyen egy br\u00fcsszeli t\u00e9rfigyel\u0151 kamera felv\u00e9tele l\u00e1that\u00f3: Abdeslam s\u00f6t\u00e9t sziluettje, miel\u0151tt a k\u00f6vetkez\u0151 n\u00e9gy h\u00f3napra elt\u0171nik a rend\u0151r\u00f6k szeme el\u0151l.<\/p>\n\n\n\n<p>Seg\u00edt\u0151it n\u00e9h\u00e1ny nappal k\u00e9s\u0151bb hallgatja meg az esk\u00fcdtsz\u00e9k. \u201eEkkor kezd\u0151d\u00f6tt el a r\u00e9m\u00e1lom, eln\u00f6k \u00far, de akkor m\u00e9g nem tudtam\u201d \u2013 kezdi a feh\u00e9r inget visel\u0151, primit\u00edven fogalmaz\u00f3 \u00e9s lassan besz\u00e9l\u0151 marokk\u00f3i Mohammed Amri. Elmondja, hogy Abdeslam november 13-\u00e1n zokogva h\u00edvta fel azzal, hogy Franciaorsz\u00e1gban van, balesetet szenvedett, \u00e9s megk\u00e9rte, hogy menjen \u00e9rte. Amri a f\u0151v\u00e1dlott &nbsp;b\u00e1tyj\u00e1nak, Brahim Abdeslamnak a k\u00e1v\u00e9h\u00e1z\u00e1ban, a Les B\u00e9guines-ben volt felszolg\u00e1l\u00f3, onnan&nbsp; ismerte. Miut\u00e1n Amri nem \u00e9rt r\u00e1, megadta k\u00f6z\u00f6s bar\u00e1tjuk, Hamza Attou telefonsz\u00e1m\u00e1t, aki Molenbeekben d\u00edlerk\u00e9nt m\u0171k\u00f6d\u00f6tt \u00e9s k\u00f6zben szint\u00e9n felszolg\u00e1lt a b\u00e1rban. V\u00e9g\u00fcl hajnali 2-kor Amri \u00e9s Attou egy\u00fctt indult Abdeslam\u00e9rt.&nbsp;<\/p>\n\n\n\n<div class=\"wp-block-image\"><figure class=\"aligncenter size-large is-resized\"><img loading=\"lazy\" decoding=\"async\" src=\"https:\/\/vilaghir.com\/wp-content\/uploads\/2022\/04\/Abdeslamok-1024x576.jpg\" alt=\"\" class=\"wp-image-797\" width=\"481\" height=\"270\" srcset=\"https:\/\/vilaghir.com\/wp-content\/uploads\/2022\/04\/Abdeslamok-1024x576.jpg 1024w, https:\/\/vilaghir.com\/wp-content\/uploads\/2022\/04\/Abdeslamok-300x169.jpg 300w, https:\/\/vilaghir.com\/wp-content\/uploads\/2022\/04\/Abdeslamok-768x432.jpg 768w, https:\/\/vilaghir.com\/wp-content\/uploads\/2022\/04\/Abdeslamok-850x478.jpg 850w, https:\/\/vilaghir.com\/wp-content\/uploads\/2022\/04\/Abdeslamok.jpg 1248w\" sizes=\"auto, (max-width: 481px) 100vw, 481px\" \/><figcaption><em>Brahim \u00e9s Salah Abdeslam<\/em><\/figcaption><\/figure><\/div>\n\n\n\n<p>A k\u00e9t seg\u00edt\u0151 nem tagadja, hogy \u0151k menek\u00edtett\u00e9k ki Franciaorsz\u00e1gb\u00f3l a f\u0151v\u00e1dlottat, de \u00f3r\u00e1kon \u00e1t bizonygatj\u00e1k, hogy fogalmuk sem volt, mekkora vesz\u00e9lynek tett\u00e9k ki ezzel magukat. \u00c1ll\u00edtj\u00e1k, hogy amikor elindultak \u00e9rte, nem tudtak a t\u00e1mad\u00e1sr\u00f3l \u00e9s Abdeslam szerep\u00e9r\u0151l sem. Az alig 27 \u00e9ves, v\u00e9kony, magas Attou idegesen v\u00e1laszol a k\u00e9rd\u00e9sekre, Amri nyugodtan, apatikusan. A per elej\u00e9n, m\u00e9g szeptemberben egy\u00e9bk\u00e9nt maga Abdeslam jegyezte meg, hogy \u201e\u0151k nekem tettek sz\u00edvess\u00e9get, nem tudtak semmit\u201d.<\/p>\n\n\n\n<p>\u201eAmikor elindultunk \u2013 mondja Amri \u2013 fogalmunk sem volt arr\u00f3l, hogy Salah Abdeslamnak k\u00f6ze van a mer\u00e9nyletekhez.\u201d Attou pedig \u00e1ll\u00edt\u00f3lag azt sem tudta, hogy terrort\u00e1mad\u00e1s t\u00f6rt\u00e9nt P\u00e1rizsban, amikor elindultak. \u201eNincs okostelefonom, nem n\u00e9ztem a h\u00edreket, az ilyesmi nem \u00e9rdekelt\u201d.&nbsp;&nbsp;<\/p>\n\n\n\n<p>Mindketten azt \u00e1ll\u00edtj\u00e1k, hogy amikor elindultak Br\u00fcsszelb\u0151l, nem tudt\u00e1k, hogy P\u00e1rizsig kell majd menni\u00fck. \u201eFogalmam sem volt, hogy P\u00e1rizsban van Abdeslam. Amikor felh\u00edvott, azt mondta, Franciaorsz\u00e1gban van, megadta a c\u00edmet, mi meg k\u00f6vett\u00fck a GPS-t\u201d \u2013 mondja Amri a P\u00e1rizzsal hat\u00e1ros d\u00e9li el\u0151v\u00e1ros\u00e1r\u00f3l, Ch\u00e2tillonr\u00f3l. \u201eCh\u00e2tillon nek\u00fcnk nem P\u00e1rizs. Ban\u00e1lis \u00fatnak indult az eg\u00e9sz, cigizt\u00fcnk, hangosan nyomattuk a zen\u00e9t\u201d \u2013 er\u0151s\u00edti meg Attou.<\/p>\n\n\n\n<p>Neh\u00e9z meg\u00e1llap\u00edtani, hogy az \u00e9veken \u00e1t f\u00fcvez\u0151 Mohammed Amri t\u00e9nyleg teljesen elbutult vagy pedig megj\u00e1tssza az ostob\u00e1t, de Nicolas Braconnay \u00fcgy\u00e9sz arra figyelmezteti, hogy nem az a vita t\u00e1rgya, hogy tudt\u00e1k-e mit keresett a bar\u00e1tjuk Franciaorsz\u00e1gban, amikor elindultak \u00e9rte. \u201eAz a benyom\u00e1son, hogy van itt egy f\u00e9lre\u00e9rt\u00e9s. Nem gondoljuk azt, hogy miel\u0151tt elindult Br\u00fcsszelb\u0151l, ismerte Salah Abdeslam szerep\u00e9t a mer\u00e9nyletekben. Ez a j\u00f3 h\u00edr \u00f6n sz\u00e1m\u00e1ra. A rossz h\u00edr az, hogy ez nem v\u00e1ltoztat semmin\u201d. A k\u00e9t f\u00e9rfit terrorista b\u0171ntettel v\u00e1dolj\u00e1k, ami\u00e9rt annak ellen\u00e9re visszacsemp\u00e9szt\u00e9k Abdeslamot Br\u00fcsszelbe, hogy megtudt\u00e1k t\u0151le, r\u00e9szt vett a mer\u00e9nyletekben.&nbsp;&nbsp;<\/p>\n\n\n\n<p>\u201eEgy Meki el\u0151tt parkoltunk le \u2013 magyar\u00e1zza Amri. \u2013 Salah ott v\u00e1rt minket, \u00e9s be\u00fclt h\u00e1tra a kocsiba. El\u00e1rulta, hogy hazudott, nem volt semmilyen balesete, ez csak \u00fcr\u00fcgy volt arra, hogy \u00e9rte j\u00f6jj\u00fcnk \u00e9s hazavigy\u00fck Br\u00fcsszelbe. Ekkor mondta azt is, hogy egyike volt a t\u00edz embernek, akik v\u00e9grehajtott\u00e1k a mer\u00e9nyleteket, \u00e9s hogy a b\u00e1tyja meghalt, \u0151 pedig meg fogja bosszulni\u201d. Attou szerint Abdeslam \u00f6ssze-vissza besz\u00e9lt, s\u00edrva \u00e9s kiab\u00e1lva. Elmond\u00e1sa alapj\u00e1n Abdeslam l\u00e1that\u00f3an ideges volt, saj\u00e1t szerep\u00e9r\u0151l ellentmond\u00e1sosan besz\u00e9lt, el\u0151sz\u00f6r azt \u00e1ll\u00edtva, hogy maga d\u00f6nt\u00f6tt \u00fagy, hogy nem robbantja fel mag\u00e1t, majd k\u00e9s\u0151bb meg azt, hogy nem m\u0171k\u00f6d\u00f6tt a szerkezet. \u201eNem volt mag\u00e1n\u00e1l, lihegett, izzadt, kiss\u00e9 agressz\u00edv is volt\u201d \u2013 mondja Attou.&nbsp;<\/p>\n\n\n\n<p>\u201eDe akkor mi\u00e9rt nem \u00e9rtes\u00edtett\u00e9k a rend\u0151rs\u00e9get vagy mi\u00e9rt nem hagyt\u00e1k mag\u00e1ra egy pihen\u0151helyen az aut\u00f3p\u00e1ly\u00e1n?\u201d \u2013 k\u00e9rdezi az \u00fcgy\u00e9sz. \u201e21 \u00e9ves voltam, f\u00e9ltem, m\u00e9g csak nem is gondoltam erre. Az egyetlen megold\u00e1s sz\u00e1momra, hogy \u00e9lve maradjak, az volt, hogy mindent \u00fagy csin\u00e1lok, ahogy Abdeslam mondja\u201d \u2013 v\u00e1laszolja Attou.&nbsp; Amri azt mondja: \u201eMeg kellett volna tennem, de nem volt b\u00e1tors\u00e1gom, sajn\u00e1lom. Le voltunk b\u00e9nulva, eln\u00f6k \u00far. Nem is besz\u00e9lt\u00fcnk egym\u00e1ssal, Hamza \u00e9s \u00e9n. Soha nem fogja meg\u00e9rteni, mit \u00e9lt\u00fcnk \u00e1t ezen az est\u00e9n\u201d. Azt\u00e1n hozz\u00e1teszi, hogy az \u00fat alatt egyszer odab\u00f6kte Abdeslamnak: \u201eNem helyes, amit csin\u00e1lt\u00e1l\u201d, erre \u0151 visszasz\u00f3lt: \u201eKussolj\u00e1l, semmit nem tudsz a vall\u00e1sr\u00f3l!\u201d<\/p>\n\n\n\n<p>A nyomoz\u00e1s r\u00e1vil\u00e1g\u00edtott arra, hogy egyik\u0151j\u00fck sem elk\u00f6telezett dzsihadista, \u00e9s nem is szimpatiz\u00e1nsai az Iszl\u00e1m \u00c1llamnak, de t\u00fals\u00e1gosan is loj\u00e1lis bar\u00e1tok, f\u0151leg Amri. Ellene a legf\u0151bb gyan\u00fa, hogy \u00e9ppen \u0151t h\u00edvta fel els\u0151k\u00e9nt Abdeslam \u2013 h\u00edvja fel a figyelmet az \u00fcgyv\u00e9dje, Negar Haeri, aki v\u00e9denc\u00e9hez fordulva \u00edgy fogalmaz: \u201eAzt vetik a szem\u00e9re, hogy Salah Abdeslam fejb\u0151l tudta az \u00f6n sz\u00e1m\u00e1t \u00e9s megb\u00edzott \u00f6nben. M\u00e1soknak tulajdon\u00edtott dolgokr\u00f3l k\u00e9rdezik \u00f6nt, ez az \u00f6n helyzet\u00e9nek a trag\u00e9di\u00e1ja. Ha Abdeslam megmondta volna \u00f6nnek, hogy r\u00e9szt vett a mer\u00e9nyletekben, elment volna \u00e9rte aut\u00f3val?\u201d \u201eEz abszurd. persze, hogy nem mentem volna \u00e9rte. Tiszt\u00e1ra olyan, mintha jegyet vettem volna a b\u00f6rt\u00f6nbe \u2013 mondja Amri. \u2013 Haragszom r\u00e1, hat \u00e9vet ellopott az \u00e9letemb\u0151l. Amikor felh\u00edvott, tudta, hogy ezzel bajba sodor\u201d. \u201eM\u00e9gis, olykor azt l\u00e1tjuk, hogy a t\u00e1rgyal\u00e1s alatt besz\u00e9lget vele, id\u0151nk\u00e9nt nevetg\u00e9lnek is.\u201d \u2013 jegyzi meg az \u00fcgyv\u00e9dn\u0151. \u201eAz els\u0151 nap \u00f3ta folyton eln\u00e9z\u00e9st k\u00e9r t\u0151lem. A m\u00falt h\u00e9ten mindennap eln\u00e9z\u00e9st k\u00e9rt. \u00c9s h\u00e1t a mag\u00e1nz\u00e1rka nagyon kem\u00e9ny. Az egyetlen hely, ahol tudok emberekkel besz\u00e9lgetni, az a v\u00e1dlottak padja\u201d.<\/p>\n\n\n\n<p>A harmadik seg\u00edt\u0151, Ali Oulkadi meghallgat\u00e1sa ugyanolyan \u00e9rzelmeket v\u00e1lt ki, mint a t\u00e1mad\u00e1s t\u00fal\u00e9l\u0151inek tan\u00favallom\u00e1sai. K\u00e9t \u00e9s f\u00e9l \u00e9vig tart\u00f3 el\u0151zetes letart\u00f3ztat\u00e1s ut\u00e1n a 37 \u00e9ves f\u00e9rfi a perben szabadl\u00e1bon v\u00e9dekezhet, a t\u00e1rgyal\u00e1s sz\u00fcneteiben csendben v\u00e1rakozik a t\u00f6megben az Igazs\u00e1g\u00fcgyi Palota folyos\u00f3j\u00e1n, miel\u0151tt&nbsp; helyet foglal a v\u00e1dlottak padj\u00e1n.&nbsp;<\/p>\n\n\n\n<p>Amikor Salah Abdeslam 2015. november 14-\u00e9n vissza\u00e9rt Attou-val \u00e9s Amrival Br\u00fcsszelbe, Oulkadit, b\u00e1tyja bar\u00e1tj\u00e1t k\u00e9rte meg, hogy fuvarozza tov\u00e1bb a dzsihadist\u00e1k b\u00fav\u00f3hely\u00e9re. \u0150 nem tudott akkor semmit a mer\u00e9nyletekr\u0151l, teljes\u00edtette is a k\u00e9r\u00e9st, egy h\u00e9ttel k\u00e9s\u0151bb vett\u00e9k \u0151rizetbe. \u201eFogalmam sem volt, hogy egy terrorist\u00e1t sz\u00e1ll\u00edtok. Azt \u00e9reztem, m\u00e1r bocs\u00e1nat, hogy egy bajba jutott embernek seg\u00edtek, aki olyan helyzetbe ker\u00fclt, amit maga sem \u00e9rtett igaz\u00e1n. Ez volt a benyom\u00e1som.\u201d<\/p>\n\n\n\n<div class=\"wp-block-columns is-layout-flex wp-container-core-columns-is-layout-9d6595d7 wp-block-columns-is-layout-flex\">\n<div class=\"wp-block-column is-layout-flow wp-block-column-is-layout-flow\">\n<figure class=\"wp-block-image size-full is-resized\"><img loading=\"lazy\" decoding=\"async\" src=\"https:\/\/vilaghir.com\/wp-content\/uploads\/2022\/04\/Oulkadi.jpg\" alt=\"\" class=\"wp-image-798\" width=\"206\" height=\"288\"\/><figcaption><em>Ali Oulkadi<\/em><\/figcaption><\/figure>\n<\/div>\n\n\n\n<div class=\"wp-block-column is-layout-flow wp-block-column-is-layout-flow\">\n<p>Oulkadi \u00e9rthet\u0151bben \u00e9s egy\u00e9rtelm\u0171bben fejezi ki mag\u00e1t v\u00e1dlott\u00e1rsain\u00e1l. Tal\u00e1n az\u00e9rt, mert nem j\u00e1tssza meg mag\u00e1t. Vagy mert nem pal\u00e1stolja \u00e9rzelmeit, csal\u00f3dotts\u00e1g\u00e1t. \u201eHa tudn\u00e1k, mennyire haragszom \u00f6nmagamra amiatt, hogy egy olyan fick\u00f3t sz\u00e1ll\u00edtottam a kocsimban, aki r\u00e9szt vett 131 ember lem\u00e9sz\u00e1rl\u00e1s\u00e1ban!\u201d \u2013 mondja.<\/p>\n<\/div>\n<\/div>\n\n\n\n<p>A vallom\u00e1s alatt Ali Oulakdi egyre inger\u00fcltebb\u00e9 v\u00e1lik. \u201eHosszan tudn\u00e9k mes\u00e9lni. Nagyon haragszom Salahra \u00e9s a b\u00e1tyj\u00e1ra. Az\u00e9rt kellett 31 h\u00f3napot b\u00f6rt\u00f6nben t\u00f6ltenem, az\u00e9rt ment t\u00f6nkre az \u00e9letem, az\u00e9rt nem tudom az \u00e9letemet \u00fajrakezdeni, \u00e9s a hozz\u00e1tartoz\u00f3im sem, mert ismertem Salah \u00e9s Brahim Abdeslamot. Azt akarom, hogy ezt \u0151 is hallja\u201d \u2013 mondja \u00e9rezhet\u0151en \u0151szint\u00e9n a v\u00e1dlott. Majd a t\u00fal\u00e9l\u0151kh\u00f6z fordul: \u201eSzeretn\u00e9m teljes sz\u00edvemb\u0151l megk\u00f6sz\u00f6nni a felpereseknek, hogy odaj\u00f6nnek hozz\u00e1m \u00e9s k\u00f6sz\u00f6nnek, megk\u00e9rdezik, hogy vagyok, hogy Ali vagyok nekik, \u00e9s nem pedig egy a v\u00e1dlottak k\u00f6z\u00fcl. K\u00f6sz\u00f6n\u00f6m azoknak, akik ma d\u00e9lel\u0151tt a meghallgat\u00e1som el\u0151tt odaj\u00f6ttek hozz\u00e1m \u00e9s vigasztaltak. Nem is tudj\u00e1k, hogy ez mennyire meg\u00e9rintett. Egy\u00e1ltal\u00e1n nem hasonl\u00edtom magam az \u00e1ldozatokhoz, de \u00e9veken \u00e1t \u00fagy b\u00e1ntak velem, mint egy terrorist\u00e1val\u201d \u2013 mondja, majd elmes\u00e9li, hogy a kisl\u00e1ny\u00e1nak, akit a per kezdete \u00f3ta csak h\u00e9tv\u00e9g\u00e9nk\u00e9nt l\u00e1that, azt hazudja, hogy h\u00e9tk\u00f6zben Franciaorsz\u00e1gban dolgozik. \u201eNem tudom, hogyan magyar\u00e1zzam el neki, mit csin\u00e1lok P\u00e1rizsban\u201d. Meghallgat\u00e1sa v\u00e9g\u00e9n Ali Oulkadi remeg\u0151 hangon a f\u0151v\u00e1dlotthoz sz\u00f3l: \u201eSalah, ha nem h\u00edvt\u00e1l volna fel aznap, most nem \u00e1lln\u00e9k itt\u201d. Szerinte Abdeslam t\u00f6nkretett h\u00e1rom \u00e9letet.<\/p>\n\n\n\n<p>Az esk\u00fcdtsz\u00e9k eln\u00f6ke felf\u00fcggeszti a t\u00e1rgyal\u00e1st. A sz\u00fcnetben Oulkadit az Igazs\u00e1g\u00fcgyi Palota l\u00e9pcs\u0151j\u00e9n az \u00e1ldozatok hozz\u00e1tartoz\u00f3i veszik k\u00f6r\u00fcl.&nbsp;&nbsp;&nbsp;<\/p>\n","protected":false},"excerpt":{"rendered":"<p>Utols\u00f3 szakasz\u00e1hoz \u00e9rkezett a bizony\u00edt\u00e1si elj\u00e1r\u00e1s. A k\u00f6vetkez\u0151 k\u00e9t h\u00e9tben a t\u00e1mad\u00e1st k\u00f6vet\u0151 \u00e9jszak\u00e1n t\u00f6rt\u00e9nteket, \u00e9s a r\u00e1k\u00f6vetkez\u0151 napokat vizsg\u00e1lja az esk\u00fcdtsz\u00e9k, valamint Salah Abdeslam menek\u00fcl\u00e9s\u00e9t. Els\u0151k\u00e9nt k\u00e9t nyomoz\u00f3 mondja el, mit der\u00edtettek ki a f\u0151v\u00e1dlott menek\u00fcl\u00e9s\u00e9nek els\u0151 \u00f3r\u00e1ir\u00f3l Franciaorsz\u00e1gban, majd Belgiumban. 2015. november 13-\u00e1n este 10 \u00f3r\u00e1n\u00e1l kezd\u0151dik a besz\u00e1mol\u00f3.&nbsp; Ekkor m\u00e1r mindh\u00e1rom \u00f6ngyilkos&#8230;<\/p>\n","protected":false},"author":1,"featured_media":0,"comment_status":"closed","ping_status":"open","sticky":false,"template":"","format":"standard","meta":{"om_disable_all_campaigns":false,"_monsterinsights_skip_tracking":false,"_monsterinsights_sitenote_active":false,"_monsterinsights_sitenote_note":"","_monsterinsights_sitenote_category":0,"spay_email":"","footnotes":""},"categories":[1],"tags":[11,165,169,12,195],"class_list":["post-795","post","type-post","status-publish","format-standard","hentry","category-uncategorized","tag-abdeslam","tag-amri","tag-hamza-attou","tag-merenylet","tag-oulkadi"],"jetpack_featured_media_url":"","_links":{"self":[{"href":"https:\/\/vilaghir.com\/index.php\/wp-json\/wp\/v2\/posts\/795","targetHints":{"allow":["GET"]}}],"collection":[{"href":"https:\/\/vilaghir.com\/index.php\/wp-json\/wp\/v2\/posts"}],"about":[{"href":"https:\/\/vilaghir.com\/index.php\/wp-json\/wp\/v2\/types\/post"}],"author":[{"embeddable":true,"href":"https:\/\/vilaghir.com\/index.php\/wp-json\/wp\/v2\/users\/1"}],"replies":[{"embeddable":true,"href":"https:\/\/vilaghir.com\/index.php\/wp-json\/wp\/v2\/comments?post=795"}],"version-history":[{"count":5,"href":"https:\/\/vilaghir.com\/index.php\/wp-json\/wp\/v2\/posts\/795\/revisions"}],"predecessor-version":[{"id":804,"href":"https:\/\/vilaghir.com\/index.php\/wp-json\/wp\/v2\/posts\/795\/revisions\/804"}],"wp:attachment":[{"href":"https:\/\/vilaghir.com\/index.php\/wp-json\/wp\/v2\/media?parent=795"}],"wp:term":[{"taxonomy":"category","embeddable":true,"href":"https:\/\/vilaghir.com\/index.php\/wp-json\/wp\/v2\/categories?post=795"},{"taxonomy":"post_tag","embeddable":true,"href":"https:\/\/vilaghir.com\/index.php\/wp-json\/wp\/v2\/tags?post=795"}],"curies":[{"name":"wp","href":"https:\/\/api.w.org\/{rel}","templated":true}]}}