{"id":744,"date":"2022-03-14T23:21:46","date_gmt":"2022-03-14T21:21:46","guid":{"rendered":"https:\/\/vilaghir.com\/?p=744"},"modified":"2022-03-25T00:50:39","modified_gmt":"2022-03-24T22:50:39","slug":"a-radikalizalodas-kulonbozo-utjai","status":"publish","type":"post","link":"https:\/\/vilaghir.com\/index.php\/2022\/03\/14\/a-radikalizalodas-kulonbozo-utjai\/","title":{"rendered":"A radikaliz\u00e1l\u00f3d\u00e1s k\u00fcl\u00f6nb\u00f6z\u0151 \u00fatjai"},"content":{"rendered":"\n<p>Miut\u00e1n az esk\u00fcdtsz\u00e9k m\u00e1r minden v\u00e1dlottat meghallgatott arr\u00f3l, hogyan radikaliz\u00e1l\u00f3dtak, egy\u00e9rtelm\u0171v\u00e9 v\u00e1lt, hogy a 2015 nyar\u00e1ig tart\u00f3 \u00e9lett\u00f6rt\u00e9netek nem egys\u00e9gesek: a politikai v\u00e1laszt\u00e1s \u00e9s a vall\u00e1si meggy\u0151z\u0151d\u00e9s k\u00fcl\u00f6nb\u00f6z\u0151 s\u00fallyal szerepelt a dzsihadizmus fel\u00e9 vezet\u0151 \u00fatjukon.&nbsp;<\/p>\n\n\n\n<p>Amikor novemberben a v\u00e1dlottak szem\u00e9lyfejl\u0151d\u00e9se volt a per t\u00e1rgya, a vall\u00e1shoz f\u0171z\u0151d\u0151 viszonyukat nem vizsg\u00e1lta az esk\u00fcdtsz\u00e9k. A per m\u00e1sodik r\u00e9sz\u00e9ben viszont a b\u00edr\u00f3 minden gyan\u00fas\u00edtottnak feltette azt a l\u00e9nyegi k\u00e9rd\u00e9st, hogyan viszonyultak az iszl\u00e1m vall\u00e1shoz a mer\u00e9nyleteket megel\u0151z\u0151en. Az iszl\u00e1m ugyanis alapvet\u0151 r\u00e9sze a v\u00e1dpontoknak. \u201eNagyr\u00e9szt a v\u00e1dlottak vall\u00e1soss\u00e1g\u00e1n m\u00falik, hogy bizony\u00edthat\u00f3-e terrorista b\u0171nsz\u00f6vetkezetben val\u00f3 r\u00e9szv\u00e9tel\u00fck, azaz a meggy\u0151z\u0151d\u00e9s\u00fck volt-e a legf\u0151bb motiv\u00e1ci\u00f3juk. Ezt pedig az esk\u00fcdtsz\u00e9k a radikalizmusukon kereszt\u00fcl vizsg\u00e1lja\u201d \u2013 mondta Anne Wyvekens, a pert eg\u00e9sz\u00e9t figyelemmel k\u00eds\u00e9r\u0151 kutat\u00f3csoport tagja.<\/p>\n\n\n\n<p>A t\u00fal\u00e9l\u0151k \u00e9s k\u00e9pvisel\u0151ik sz\u00e1m\u00e1ra azonban a radikaliz\u00e1ci\u00f3 fogalma a per kezdete \u00f3ta hom\u00e1lyos, az esk\u00fcdtsz\u00e9k pedig nagyon \u00f3vatos a k\u00e9rd\u00e9sben, m\u00e9g azon v\u00e1dlottak eset\u00e9ben is, akik ny\u00edltan maguk\u00e9nak vallj\u00e1k az Iszl\u00e1m \u00c1llam sz\u00e9ls\u0151s\u00e9ges n\u00e9zeteit. A felpereseket k\u00e9pvisel\u0151 \u00fcgyv\u00e9dek k\u00f6t\u00f6tt van olyan, \u00edgy Samia Maktouf is, aki egyenesen \u00fagy v\u00e9li, hogy a per tabuk\u00e9nt kezeli a radikaliz\u00e1l\u00f3d\u00e1s probl\u00e9m\u00e1j\u00e1t, nem akn\u00e1zza ki el\u00e9gg\u00e9. Pedig szerinte ez elengedhetetlen volna annak meg\u00e9rt\u00e9s\u00e9hez, hogy mi vezetett a trag\u00e9di\u00e1hoz.&nbsp;&nbsp;&nbsp;<\/p>\n\n\n\n<div class=\"wp-block-image\"><figure class=\"aligncenter size-full is-resized\"><img loading=\"lazy\" decoding=\"async\" src=\"https:\/\/vilaghir.com\/wp-content\/uploads\/2022\/03\/A-vadlottak.webp\" alt=\"\" class=\"wp-image-745\" width=\"492\" height=\"359\" srcset=\"https:\/\/vilaghir.com\/wp-content\/uploads\/2022\/03\/A-vadlottak.webp 619w, https:\/\/vilaghir.com\/wp-content\/uploads\/2022\/03\/A-vadlottak-300x219.webp 300w\" sizes=\"auto, (max-width: 492px) 100vw, 492px\" \/><figcaption>A v\u00e1dlottak<\/figcaption><\/figure><\/div>\n\n\n\n<p>A per m\u00e1sodik r\u00e9sz\u00e9ben mindenesetre nem der\u00fclt ki egy\u00e9rtelm\u0171en, hogy a v\u00e1dlottak hogyan \u00e9s mikor lettek iszlamist\u00e1k \u00e9s dzsihadist\u00e1k.<\/p>\n\n\n\n<p>A v\u00e1dlottak padj\u00e1n \u00fcl\u0151 14 gyan\u00fas\u00edtott k\u00f6z\u00fcl hatnak a v\u00e1dirat szerint r\u00e9szt kellett volna vennie vagy a p\u00e1rizsi vagy a br\u00fcsszeli mer\u00e9nyletsorozatban. K\u00f6z\u00fcl\u00fck a tun\u00e9ziai Sofien Ayari, a belga-marokk\u00f3i Mohamed Abrini \u00e9s a francia-marokk\u00f3i Salah Abdeslam azt \u00e1ll\u00edtja, hogy az utols\u00f3 pillanatban meggondolta mag\u00e1t, ez\u00e9rt nem lett \u00f6ngyilkos mer\u00e9nyl\u0151. A sv\u00e9d Osama Krayem hallgat. A pakiszt\u00e1ni Muhammad Usmant \u00e9s az alg\u00e9riai Adel Haddadit a g\u00f6r\u00f6g hat\u00f3s\u00e1gok feltart\u00f3ztatt\u00e1k, Ausztri\u00e1ban k\u00e9s\u0151bb \u0151rizetbe is vett\u00e9k \u0151ket, \u00edgy nem tudt\u00e1k teljes\u00edteni k\u00fcldet\u00e9s\u00fcket. A k\u00fcl\u00f6nb\u00f6z\u0151 orsz\u00e1gokb\u00f3l sz\u00e1rmaz\u00f3 iszlamist\u00e1k mind azt \u00e1ll\u00edtott\u00e1k, hogy a m\u00e1rt\u00edroms\u00e1ghoz vezet\u0151 \u00fatjukon fordul\u00f3pontot jelentett a Sz\u00edri\u00e1ban 2011-ben kirobbant polg\u00e1rh\u00e1bor\u00fa.<\/p>\n\n\n\n<p>Muhammad Usman Pakiszt\u00e1nban egy Kor\u00e1n-iskol\u00e1ban tanult, miel\u0151tt csatlakozott a t\u00e1libokhoz, akik, \u00e1ll\u00edt\u00e1sa szerint, a Facebookon kereszt\u00fcl \u00e1tmost\u00e1k az agy\u00e1t, \u00e9s r\u00e1vett\u00e9k, hogy csatlakozzon Sz\u00edri\u00e1ban az Iszl\u00e1m \u00c1llamhoz. Alg\u00e9riai t\u00e1rs\u00e1t, Adel Haddadit saj\u00e1t elmond\u00e1sa szerint szint\u00e9n a Facebookon kereszt\u00fcl gy\u0151zt\u00e9k meg arr\u00f3l, hogy hagyja h\u00e1tra mad\u00e1rteny\u00e9szet\u00e9t Alg\u00edrban, \u00e9s utazzon Sz\u00edri\u00e1ba, j\u00f3llehet beszervez\u00e9s\u00e9nek semmi nyom\u00e1t nem tal\u00e1lt\u00e1k meg a nyomoz\u00f3k a k\u00f6z\u00f6ss\u00e9gi oldalon. \u201eL\u00e1ttam, mi t\u00f6rt\u00e9nik Sz\u00edri\u00e1ban, \u00e9s az nagyon meg\u00e9rintett\u201d \u2013 mondta az esk\u00fcdtsz\u00e9k el\u0151tt.<\/p>\n\n\n\n<p>Salah Abdeslam is azt vallotta, hogy a Bass\u00e1r el-Asz\u00e1d rezsimje, illetve a nemzetk\u00f6zi koal\u00edci\u00f3 sz\u00edriai bomb\u00e1z\u00e1sai miatt nem tudta lehunyni a szem\u00e9t, s \u00e9rz\u00e9sei terelt\u00e9k a politikai elk\u00f6telez\u0151d\u00e9s fel\u00e9, a vall\u00e1s nem j\u00e1tszott ebben szerepet. Legal\u00e1bbis ezt \u00e1ll\u00edtja a terrorkommand\u00f3 egyetlen t\u00fal\u00e9l\u0151je, hasonl\u00f3an a tun\u00e9ziai Sofien Ayarihoz, aki az arab tavasz idej\u00e9n Tuniszban t\u00fcntet\u0151 di\u00e1kb\u00f3l lett az Iszl\u00e1m \u00c1llam egyik harcosa.<\/p>\n\n\n\n<p>Ezek az \u00e9rvel\u00e9sek azonban nem gy\u0151zt\u00e9k meg a t\u00fal\u00e9l\u0151ket. \u201eK\u00e9szterm\u00e9ket akarnak nek\u00fcnk eladni: a hum\u00e1nus terrorista m\u00edtosz\u00e1t, aki az igazs\u00e1gtalans\u00e1gok miatt vonult ellen\u00e1ll\u00e1sba\u201d \u2013 v\u00e9li&nbsp; G\u00e9rard Chemla, a felperesek egyik \u00fcgyv\u00e9dje.<\/p>\n\n\n\n<p>A t\u00fal\u00e9l\u0151ket k\u00e9pvisel\u0151je Didier Seban \u00fagy l\u00e1tja, hogy a felh\u00edv\u00e1s a kalif\u00e1tus megalak\u00edt\u00e1sr\u00f3l nagyon er\u0151s visszhangra tal\u00e1lt minden orsz\u00e1gban a magukat elveszettnek \u00e9rz\u0151 fiatalok k\u00f6r\u00e9ben. A v\u00e1dlottak t\u00f6bbs\u00e9ge m\u00e9g most is mag\u00e1\u00e9nak vallja a kalif\u00e1tus propagand\u00e1j\u00e1t \u00e9s elveit, \u00e9l\u00fck\u00f6n Mohamed Abrinivel, aki vallom\u00e1s\u00e1ban egy\u00e9rtelm\u0171en kijelentette: \u201eAmi maguknak radik\u00e1lis, az nekem a norm\u00e1lis iszl\u00e1m\u201d. Amikor az esk\u00fcdtsz\u00e9k tagjai \u00e9s a t\u00fal\u00e9l\u0151k k\u00e9pvisel\u0151i \u00f3r\u00e1kon \u00e1t pr\u00f3b\u00e1lt\u00e1k meggy\u0151zni Abrinit arr\u00f3l, hogy \u00edt\u00e9lje el az Iszl\u00e1m \u00c1llamot \u00e9s a terrorszervezet t\u00faszainak kiv\u00e9gz\u00e9seit, azt v\u00e1laszolta: \u201eMaguk is lefejezt\u00e9k a kir\u00e1lyukat.\u201d A jazidi kisebbs\u00e9ghez tartoz\u00f3 n\u0151k meger\u0151szakol\u00e1sa pedig szerinte olyan gyakorlat, amely minden h\u00f3d\u00edt\u00f3 h\u00e1bor\u00faban megesik. \u201eA t\u00f6rt\u00e9n\u00e9szek sz\u00fclet\u00e9sszab\u00e1lyoz\u00e1snak nevezik az ilyesmit\u201d \u2013 magyar\u00e1zta.<\/p>\n\n\n\n<p>A t\u00f6bbi v\u00e1dlott viszont egyszer\u0171en visszautas\u00edtotta, hogy radik\u00e1lis volna. Az ugyanis \u00f6nmag\u00e1ban h\u00fasz \u00e9v b\u00f6rt\u00f6nt\u0151l \u00e9letfogytiglani szabads\u00e1gveszt\u00e9sig terjed\u0151 b\u00fcntet\u00e9ssel s\u00fajthat\u00f3. De a v\u00e1dlottaknak nem egyszer\u0171en azt kell bizony\u00edtaniuk, hogy nem iszlamist\u00e1k, hanem azt is, hogy nem tudtak a bar\u00e1taik vagy a testv\u00e9reik radikaliz\u00e1l\u00f3d\u00e1s\u00e1r\u00f3l.&nbsp;<\/p>\n\n\n\n<p>Oussama Atarnak, a terrort\u00e1mad\u00e1s felt\u00e9telezett megrendel\u0151j\u00e9nek \u00f6ccs\u00e9t, Yassine-t a tan\u00fak\u00e9nt megid\u00e9zett nagyb\u00e1tyja pr\u00f3b\u00e1lta tiszt\u00e1ra mosni. \u201eYassine Bacchus szellemi gyermeke. Megcsalta a feles\u00e9g\u00e9t, \u00e9s amikor a feles\u00e9ge ezt megtudta, el is v\u00e1ltak. A tanger-i bord\u00e9lyh\u00e1zakba j\u00e1rt, pedig egy fundamentalista nem megy prostitu\u00e1ltakhoz, nem h\u0171tlen a feles\u00e9g\u00e9hez. Az Iszl\u00e1m \u00c1llamot sem b\u00edrta soha, tesz a vall\u00e1sra. Vele csak j\u00f3 kocsikr\u00f3l, motorokr\u00f3l, meg p\u00e9nzr\u0151l lehet besz\u00e9lgetni, \u0151 egy \u00e1rtalmatlan boh\u00f3c. A t\u00fal\u00e9l\u0151k f\u00e1jdalma nem vak\u00edthatja el \u00f6n\u00f6ket annyira, hogy egy \u00e1rtatlant el\u00edt\u00e9ljenek.\u201d<\/p>\n\n\n\n<p>Mohamed Amrir\u0151l \u2013 aki a t\u00e1mad\u00e1st k\u00f6vet\u0151en P\u00e1rizsb\u00f3l hazafuvarozta Salah Abdeslamot Br\u00fcsszelbe \u2013 a feles\u00e9ge \u00e1ll\u00edtotta, hogy \u201et\u00fals\u00e1gosan is kedves, t\u00fal j\u00f3 ember, egyszer\u0171en kihaszn\u00e1lt\u00e1k a naivit\u00e1s\u00e1t.\u201d Szabadl\u00e1bon v\u00e9dekezik a f\u0151v\u00e1dlott m\u00e1sik k\u00e9t seg\u00edt\u0151je, Hamza Attou \u00e9s Ali Oulkadi, \u0151k a helyi szolidarit\u00e1st hozt\u00e1k fel v\u00e9delm\u00fckben: \u201eMi egy m\u00e1sik t\u00e1rsadalmi oszt\u00e1lyhoz tartozunk, mint maguk. Seg\u00edt\u00fcnk egym\u00e1snak. El\u0151fordul, hogy t\u00edzen egy\u00fctt megy\u00fcnk m\u00e9g baguette-et venni is\u201d \u2013 mondta Hamza Attou.<\/p>\n\n\n\n<p>A 2015 nyara ut\u00e1n t\u00f6rt\u00e9nteket, a mer\u00e9nyletek el\u0151k\u00e9sz\u00fclet\u00e9t a per harmadik r\u00e9sz\u00e9ben vizsg\u00e1lja az esk\u00fcdtsz\u00e9k, ez\u00e9rt a v\u00e1dlottakat eddig csak a kor\u00e1bbi sz\u00edriai tart\u00f3zkod\u00e1saikr\u00f3l k\u00e9rdezt\u00e9k. Miut\u00e1n az Iszl\u00e1m \u00c1llam \u00e1ltal gyakorolt terrorr\u00f3l a titkosszolg\u00e1lati vezet\u0151k kor\u00e1bban m\u00e1r r\u00e9szletes el\u0151ad\u00e1st tartottak a perben, az alg\u00e9riai Adel Haddadi \u00e9s a pakiszt\u00e1ni Muhammad Usman vallom\u00e1sa olyannyira nem volt hihet\u0151, hogy a hallgat\u00f3s\u00e1g gyakorlatilag kinevette \u0151ket. A k\u00e9t f\u00e9rfi ugyanis engedelmes \u00e9s tudatlan j\u00e1mbor emberk\u00e9nt \u00edrta le mag\u00e1t, azt \u00e1ll\u00edtva, hogy maguk sem tudt\u00e1k, mi\u00e9rt indultak el Sz\u00edri\u00e1ba, \u00e9s azt sem tudj\u00e1k megmagyar\u00e1zni, hogy a terrorszervezet vezet\u0151i mi\u00e9rt v\u00e1lasztott\u00e1k ki \u0151ket az egyik legfontosabb eur\u00f3pai k\u00fcldet\u00e9sben \u00f6ngyilkos mer\u00e9nyl\u0151nek. Egyik\u00fck azt vallotta, hogy csak egyhetes kik\u00e9pz\u00e9st kapott, miel\u0151tt egy rakkai \u00e9tterem konyh\u00e1j\u00e1n munk\u00e1ba \u00e1llt, m\u00e1sikuk meg tagadja, hogy valaha is harcolt volna.&nbsp;<\/p>\n\n\n\n<p>Haddai azt beismerte, hogy elfogadta a feladatot, mert \u00fagy \u00e9rezte, hogy \u00edgy elhagyhatja Sz\u00edri\u00e1t \u00e9s az Iszl\u00e1m \u00c1llamot. \u201eAzt mondt\u00e1k, hogy Eur\u00f3p\u00e1ba k\u00fcldenek, Franciaorsz\u00e1gba. Azt gondoltam, ha minden j\u00f3l megy, ott majd le tudok l\u00e9pni\u201d \u2013 \u00e1ll\u00edtotta. Usman pedig azt vallotta, hogy nem is tudta pontosan mi lesz a k\u00fcldet\u00e9se. Sofien Ayari \u00e9s Salah Abdeslam (az egyetlen, aki nem j\u00e1rt Sz\u00edri\u00e1ban) is azt hangoztatta, hogy nem k\u00f6z\u00f6ltek vel\u00fck r\u00e9szleteket a mer\u00e9nyletekr\u0151l \u201ea szervezet \u00e9s a r\u00e9szt vev\u0151 szem\u00e9lyek v\u00e9delme \u00e9rdek\u00e9ben. Mindenkinek megvolt a saj\u00e1t titkos feladata, \u00e9s csak a v\u00e9g\u00e9n \u00e1llt \u00f6ssze minden\u201d \u2013 \u00e1ll\u00edtotta a f\u0151v\u00e1dlott.<\/p>\n\n\n\n<p>K\u00e9t v\u00e1dlott, Osama Krayen \u00e9s Mohamed Bakkali, akik a nyomoz\u00e1s sor\u00e1n egy\u00fcttm\u0171k\u00f6d\u0151ek voltak \u00e9s sok mindent el\u00e1rultak, a perben m\u00e1r a hallgat\u00e1st v\u00e1lasztott\u00e1k. Ez pedig az \u00e1ldozatok k\u00e9pvisel\u0151i sz\u00e1m\u00e1ra egyenl\u0151 b\u0171n\u00f6ss\u00e9g\u00fck beismer\u00e9s\u00e9vel.<\/p>\n","protected":false},"excerpt":{"rendered":"<p>Miut\u00e1n az esk\u00fcdtsz\u00e9k m\u00e1r minden v\u00e1dlottat meghallgatott arr\u00f3l, hogyan radikaliz\u00e1l\u00f3dtak, egy\u00e9rtelm\u0171v\u00e9 v\u00e1lt, hogy a 2015 nyar\u00e1ig tart\u00f3 \u00e9lett\u00f6rt\u00e9netek nem egys\u00e9gesek: a politikai v\u00e1laszt\u00e1s \u00e9s a vall\u00e1si meggy\u0151z\u0151d\u00e9s k\u00fcl\u00f6nb\u00f6z\u0151 s\u00fallyal szerepelt a dzsihadizmus fel\u00e9 vezet\u0151 \u00fatjukon.&nbsp; Amikor novemberben a v\u00e1dlottak szem\u00e9lyfejl\u0151d\u00e9se volt a per t\u00e1rgya, a vall\u00e1shoz f\u0171z\u0151d\u0151 viszonyukat nem vizsg\u00e1lta az esk\u00fcdtsz\u00e9k. A per m\u00e1sodik&#8230;<\/p>\n","protected":false},"author":1,"featured_media":0,"comment_status":"closed","ping_status":"open","sticky":false,"template":"","format":"standard","meta":{"om_disable_all_campaigns":false,"_monsterinsights_skip_tracking":false,"_monsterinsights_sitenote_active":false,"_monsterinsights_sitenote_note":"","_monsterinsights_sitenote_category":0,"spay_email":"","footnotes":""},"categories":[1],"tags":[33,35,18,168,62,10],"class_list":["post-744","post","type-post","status-publish","format-standard","hentry","category-uncategorized","tag-dzsihadistak","tag-eskudtszek","tag-iszlam-allam","tag-radikalizacio","tag-ugyvedek","tag-vadlottak"],"jetpack_featured_media_url":"","_links":{"self":[{"href":"https:\/\/vilaghir.com\/index.php\/wp-json\/wp\/v2\/posts\/744","targetHints":{"allow":["GET"]}}],"collection":[{"href":"https:\/\/vilaghir.com\/index.php\/wp-json\/wp\/v2\/posts"}],"about":[{"href":"https:\/\/vilaghir.com\/index.php\/wp-json\/wp\/v2\/types\/post"}],"author":[{"embeddable":true,"href":"https:\/\/vilaghir.com\/index.php\/wp-json\/wp\/v2\/users\/1"}],"replies":[{"embeddable":true,"href":"https:\/\/vilaghir.com\/index.php\/wp-json\/wp\/v2\/comments?post=744"}],"version-history":[{"count":3,"href":"https:\/\/vilaghir.com\/index.php\/wp-json\/wp\/v2\/posts\/744\/revisions"}],"predecessor-version":[{"id":763,"href":"https:\/\/vilaghir.com\/index.php\/wp-json\/wp\/v2\/posts\/744\/revisions\/763"}],"wp:attachment":[{"href":"https:\/\/vilaghir.com\/index.php\/wp-json\/wp\/v2\/media?parent=744"}],"wp:term":[{"taxonomy":"category","embeddable":true,"href":"https:\/\/vilaghir.com\/index.php\/wp-json\/wp\/v2\/categories?post=744"},{"taxonomy":"post_tag","embeddable":true,"href":"https:\/\/vilaghir.com\/index.php\/wp-json\/wp\/v2\/tags?post=744"}],"curies":[{"name":"wp","href":"https:\/\/api.w.org\/{rel}","templated":true}]}}