{"id":728,"date":"2022-02-12T13:26:09","date_gmt":"2022-02-12T11:26:09","guid":{"rendered":"https:\/\/vilaghir.com\/?p=728"},"modified":"2022-02-12T13:27:21","modified_gmt":"2022-02-12T11:27:21","slug":"a-dzsihad-mint-teves-politikai-valasztas","status":"publish","type":"post","link":"https:\/\/vilaghir.com\/index.php\/2022\/02\/12\/a-dzsihad-mint-teves-politikai-valasztas\/","title":{"rendered":"A dzsih\u00e1d mint (t\u00e9ves) politikai v\u00e1laszt\u00e1s"},"content":{"rendered":"\n<p>A per tun\u00e9ziai v\u00e1dlottja, Sofien Ayari \u0151szint\u00e9n \u00e9s egy\u00e9rtelm\u0171en elmagyar\u00e1zza, hogy politikai okokb\u00f3l csatlakozott az Iszl\u00e1m \u00c1llamhoz, de hozz\u00e1teszi, m\u00e1r nem biztos abban, hogy j\u00f3l v\u00e1lasztott.&nbsp;<\/p>\n\n\n\n<p>2015 nyar\u00e1n Osama Krayem \u00e9s Sofien Ayari egy\u00fctt indult el Sz\u00edri\u00e1b\u00f3l a menek\u00fcltek \u00fatvonal\u00e1n a n\u00e9metorsz\u00e1gi Ulmba, ahol a f\u0151v\u00e1dlott, Salah Abdeslam v\u00e1rt r\u00e1juk, \u00e9s g\u00e9pkocsival vitte \u0151ket a terrorcsoport egyik br\u00fcsszeli b\u00fav\u00f3hely\u00e9re. Krayem sv\u00e9d \u00e1llampolg\u00e1r, 23 \u00e9ves volt ekkor, Ayari tun\u00e9ziai \u00e9s 22 \u00e9ves. Mindketten harcoltak Sz\u00edri\u00e1ban az Iszl\u00e1m \u00c1llam soraiban, \u00e9s mindketten s\u00falyosan megsebes\u00fcltek. Fel\u00e9p\u00fcl\u00e9s\u00fck ut\u00e1n v\u00e1lasztotta ki \u0151ket a dzsihadista szervezet \u201eeur\u00f3pai k\u00fcldet\u00e9sre\u201d. A p\u00e1rizsi terrort\u00e1mad\u00e1sok est\u00e9j\u00e9n, 2015. november 13-\u00e1n bizony\u00edthat\u00f3an az amszterdami rep\u00fcl\u0151t\u00e9ren j\u00e1rtak, a v\u00e1d szerint ott kellett volna terrort\u00e1mad\u00e1st v\u00e9grehajtaniuk, de valami\u00e9rt nem tett\u00e9k meg.<\/p>\n\n\n\n<p>Krayem \u00e9s Ayari ugyanazt a dzsihadista utat j\u00e1rta meg, majdnem egyid\u0151sek, mindkett\u0151j\u00fcket terrort\u00e1mad\u00e1sban val\u00f3 b\u0171nsz\u00f6vetkezettel v\u00e1dolj\u00e1k, ami\u00e9rt \u00e9letfogytiglani szabads\u00e1gveszt\u00e9st kaphatnak. Ennek ellen\u00e9re teljesen m\u00e1sk\u00e9pp viselkednek az esk\u00fcdtsz\u00e9k el\u0151tt. Osama Krayem el\u0151zetesen \u00fagy nyilatkozott, hogy besz\u00e9lni fog, de v\u00e9g\u00fcl a hallgat\u00e1s jog\u00e1t v\u00e1lasztotta, s janu\u00e1r \u00f3ta nem is jelent meg a t\u00e1rgyal\u00e1son. \u201eItt senki nem pr\u00f3b\u00e1lja meg\u00e9rteni, hogy mi t\u00f6rt\u00e9nt, \u00e9s nem akar t\u00e9nyleges v\u00e1laszokat hallani \u2013 \u00edrta az esk\u00fcdteknek. \u2013 Azt \u00e9rzem, hogy mindannyian szerepet j\u00e1tsszunk, \u00e9s ez a per egy sz\u00ednj\u00e1t\u00e9k. Mivel m\u00e1r nem gondolom, hogy ha besz\u00e9lek mindarr\u00f3l, amivel v\u00e1dolnak, b\u00e1rmit is v\u00e1ltoztatna a b\u00edr\u00f3s\u00e1g \u00edt\u00e9let\u00e9n, \u00fagy d\u00f6nt\u00f6ttem, hogy t\u00f6bbet nem sz\u00f3lalok meg a perben.\u201d<\/p>\n\n\n\n<p>Sofien Ayari eredetileg azt tervezte, hogy nem mond semmit, de v\u00e9g\u00fcl \u00fagy d\u00f6nt\u00f6tt, hogy ink\u00e1bb magyar\u00e1zatot ad arra, mi\u00e9rt lett dzsihadista. Osama Krayem ez alkalommal bej\u00f6n a terembe, hogy meghallgassa a tettest\u00e1rs\u00e1t.<\/p>\n\n\n\n<div class=\"wp-block-columns is-layout-flex wp-container-core-columns-is-layout-9d6595d7 wp-block-columns-is-layout-flex\">\n<div class=\"wp-block-column is-layout-flow wp-block-column-is-layout-flow\">\n<p>&#8222;Nem akartam besz\u00e9lni, \u00fagy gondoltam, hogy nem \u00e9r semmit, de megv\u00e1ltoztattam a v\u00e9lem\u00e9nyemet \u2013 kezdi a vallom\u00e1s\u00e1t a tun\u00e9ziai v\u00e1dlott. \u2013 \u00d6t h\u00e9ten \u00e1t hallgattam az \u00e1ldozatok tan\u00favallom\u00e1s\u00e1t, \u00e9s megfogott egy ott elhangzott k\u00e9rd\u00e9s. Az egyik \u00e1ldozat \u00e9desanyja \u2013 aki hasonl\u00edt az \u00e9n any\u00e1mra \u2013 arr\u00f3l besz\u00e9lt, hogy e per v\u00e1dlottjai, akiket kiskorukban ak\u00e1r \u0151 is ringathatott volna, vajon mit\u0151l v\u00e1ltak angyalokb\u00f3l sz\u00f6rnyekk\u00e9. H\u00e1t a legkevesebb, hogy erre a k\u00e9rd\u00e9sre v\u00e1laszolok, azt gondolom, hogy ennyivel tartozom.\u201d<\/p>\n<\/div>\n\n\n\n<div class=\"wp-block-column is-layout-flow wp-block-column-is-layout-flow\">\n<div class=\"wp-block-image\"><figure class=\"aligncenter size-full is-resized\"><img loading=\"lazy\" decoding=\"async\" src=\"https:\/\/vilaghir.com\/wp-content\/uploads\/2022\/02\/Ayari-1.jpg\" alt=\"\" class=\"wp-image-730\" width=\"268\" height=\"362\" srcset=\"https:\/\/vilaghir.com\/wp-content\/uploads\/2022\/02\/Ayari-1.jpg 622w, https:\/\/vilaghir.com\/wp-content\/uploads\/2022\/02\/Ayari-1-222x300.jpg 222w, https:\/\/vilaghir.com\/wp-content\/uploads\/2022\/02\/Ayari-1-300x405.jpg 300w\" sizes=\"auto, (max-width: 268px) 100vw, 268px\" \/><figcaption><em>Sofien Ayari<\/em><\/figcaption><\/figure><\/div>\n<\/div>\n<\/div>\n\n\n\n<p>A tuniszi k\u00f6z\u00e9poszt\u00e1lybeli csal\u00e1dban nevelkedett, volt m\u00e9rn\u00f6khallgat\u00f3 az ezt k\u00f6vet\u0151 hat \u00f3r\u00e1ban v\u00e1laszt\u00e9kos francias\u00e1ggal besz\u00e9l arr\u00f3l, ami \u201eakkoriban a fej\u00e9ben volt\u201d.<\/p>\n\n\n\n<p>Ayari 21 \u00e9ves kor\u00e1ban, 2014. december\u00e9ben fel\u00fclt egy Isztambulba tart\u00f3 rep\u00fcl\u0151g\u00e9pre, de sz\u00fcleinek nem mondta meg, hogy Sz\u00edri\u00e1ba k\u00e9sz\u00fcl. \u201eEgyb\u0151l az Iszl\u00e1m \u00c1llamhoz csatlakozott?\u201d \u2013 k\u00e9rdi az esk\u00fcdtsz\u00e9k eln\u00f6ke. \u201eIgen\u201d \u2013 v\u00e1laszolja. \u201eMi\u00e9rt?\u201d \u201eHogy harcoljak.\u201d<\/p>\n\n\n\n<p>A hossz\u00fa szak\u00e1llt visel\u0151 Ayari azt \u00e1ll\u00edtja, hogy politikai meggy\u0151z\u0151d\u00e9sb\u0151l ment Sz\u00edri\u00e1ba, a vall\u00e1s nem j\u00e1tszott ebben szerepet. Di\u00e1kk\u00e9nt nagy hat\u00e1ssal volt r\u00e1 a Tun\u00e9zi\u00e1ban kirobbant arab tavasz, amely v\u00e9gigs\u00f6p\u00f6rt a&nbsp; K\u00f6zel-Keleten. \u201eA politika mindennapos t\u00e9ma lett k\u00f6reinkben, szolidarit\u00e1st \u00e9rezt\u00fcnk \u00e9s d\u00fch\u00f6t \u2013 mondja. \u2013 Ki akartuk fejezni egy\u00fctt\u00e9rz\u00e9s\u00fcnket a sz\u00edriai emberekkel\u201d.&nbsp; Kiemeli, hogy akkoriban az Iszl\u00e1m \u00c1llam katon\u00e1inak legitimit\u00e1suk volt a szem\u00e9ben. A sz\u00edriai Homszban harcolt, ott s\u00e9r\u00fclt meg. 2015 tavasz\u00e1n \u00e1tsz\u00e1ll\u00edtott\u00e1k Rakk\u00e1ba, ahol n\u00e9gy m\u0171t\u00e9ttel helyre\u00e1ll\u00edtott\u00e1k sz\u00e9tl\u0151tt \u00e1llkapcs\u00e1t. \u00c1ll\u00edt\u00e1sa szerint nem tal\u00e1lkozott a p\u00e1rizsi mer\u00e9nysorozat elk\u00f6vet\u0151ivel, akik pedig akkoriban ugyancsak ott tart\u00f3zkodtak, m\u00e9gis pont erre az id\u0151szakra teszi a Nyugat ellen fordul\u00e1s\u00e1t, amit puszt\u00e1n a Rakka elleni bomb\u00e1z\u00e1sokkal magyar\u00e1z.&nbsp;&nbsp;<\/p>\n\n\n\n<p>\u201eLegink\u00e1bb a rombol\u00e1sokat l\u00e1ttam \u2013 folytatja. \u2013 Nem \u00e9rtettem a helyzetet. Amikor harcrolni indul valaki, \u00e9s meghal mellette egy katona, az gondolja, hogy ez az \u0151 v\u00e1laszt\u00e1sa volt, de amikor azt l\u00e1tja az ember, hogy p\u00e1nikba esett emberek menek\u00fclnek megal\u00e1zotts\u00e1ggal a tekintet\u00fckben, akkor tehetetlennek \u00e9rzi mag\u00e1t. Eff\u00e9le er\u0151szakra nem voltam felk\u00e9sz\u00fclve, olyan dolgokat gerjesztett bennem mindez, amit neh\u00e9z kezelni. Az \u00e9rzelmeimet k\u00f6vettem. \u00c9s amikor egy nap azt mondt\u00e1k nekem: m\u00e1shol van r\u00e1d sz\u00fcks\u00e9g\u00fcnk, \u00e9n elindultam. Senki nem k\u00f6telezett erre, nem volt ebben semmi k\u00fcls\u0151 k\u00e9nyszer\u201d.&nbsp;<\/p>\n\n\n\n<p>Azt m\u00e1r nem hajland\u00f3 el\u00e1rulni, ki v\u00e1lasztotta ki a k\u00fcldet\u00e9sre. A v\u00e1d azt gyan\u00edtja, hogy Oussama Atar volt az, a mer\u00e9nyletek felt\u00e9telezett megrendel\u0151je, s a per legf\u0151bb v\u00e1dlottja (akit annak ellen\u00e9re v\u00e1dlottk\u00e9nt kezelnek, hogy dr\u00f3nt\u00e1mad\u00e1sban 2017-ben meg\u00f6lte az amerikai hadsereg). \u201eValami Abou-nak h\u00edvt\u00e1k\u201d \u2013 mondja Ayari a megrendel\u0151 harci nev\u00e9t eml\u00edtve. Azt \u00e1ll\u00edtja, hogy nem tudta pontosan, mi\u00e9rt k\u00fcldik Eur\u00f3p\u00e1ba, indul\u00e1sakor azt nem k\u00f6z\u00f6lt\u00e9k vele.<\/p>\n\n\n\n<p>\u201eM\u00e9giscsak az\u00e9rt k\u00fcldt\u00e9k, hogy ott folytassa a harcot, \u00e9s mer\u00e9nyleteket k\u00f6vessen el! Ezt csak nem tartott\u00e1k titokban?\u201d \u2013 jegyzi meg az esk\u00fcdtsz\u00e9k eln\u00f6ke, eml\u00e9keztetve arra, hogy ugyanekkor, ugyanott, ugyanilyen k\u00fcldet\u00e9ssel b\u00edzt\u00e1k meg a t\u00f6bbieket is, akik a p\u00e1rizsi mer\u00e9nyleteket v\u00e9grehajtott\u00e1k. \u201eV\u00e1laszoljon igennel vagy nemmel\u201d &#8211; er\u0151sk\u00f6dik Jean-Louis P\u00e9ri\u00e8s. \u201eNem m\u00f3dos\u00edtom a v\u00e1laszomat. A dolgok nem ennyire egyszer\u0171ek, eln\u00f6k \u00far\u201d \u2013 v\u00e1laszolja a v\u00e1dlott. \u201eEl\u00edt\u00e9li a mer\u00e9nyleteket?\u201d \u2013 folytatja a b\u00edr\u00f3. \u201eEl\u00edt\u00e9lem az ilyen jelleg\u0171 dolgokat mindk\u00e9t oldalon.\u201d<\/p>\n\n\n\n<p>A nemzetk\u00f6zi koal\u00edci\u00f3 beavatkoz\u00e1s\u00e1val magyar\u00e1zza a mer\u00e9nyleteket, \u00e9s szem\u00e9ly szerint Francois Hollande francia eln\u00f6k \u201ehazugs\u00e1gaival\u201d, ak\u00e1rcsak, mint kor\u00e1bban Salah Abdeslam.&nbsp; Ayari azonban pontosabban fogalmaz: \u201e\u00c9n nem voltam ott november 13-\u00e1n P\u00e1rizsban, most m\u00e9gis itt \u00fcl\u00f6k a v\u00e1dlottak padj\u00e1n. Nem legitimiz\u00e1lja azt, amit tettem, de mikor d\u00f6nt\u00e9seket hozunk, v\u00e1llalni kell azokat a v\u00e9gs\u0151kig\u201d \u2013 fogalmaz. \u201eAkkor m\u00e9giscsak el\u00edt\u00e9li a mer\u00e9nyleteket?\u201d \u2013 k\u00e9rdi a b\u00edr\u00f3. \u201eNem az a k\u00e9rd\u00e9s, hogy igazunk van-e\u201d \u2013 t\u00e9r ki a v\u00e1lasz el\u00f6l a v\u00e1dlott.<\/p>\n\n\n\n<p>Az \u00fcgy\u00e9szek, majd a t\u00fal\u00e9l\u0151k k\u00e9pvisel\u0151i is megpr\u00f3b\u00e1lj\u00e1k a vit\u00e1t a vall\u00e1si radikaliz\u00e1ci\u00f3ra visszaterelni, mert meggy\u0151z\u0151d\u00e9s\u00fck, hogy a mer\u00e9nyletek elk\u00f6vet\u00e9s\u00e9t els\u0151sorban az motiv\u00e1lta.&nbsp; Sofien Ayari egyre idegesebb lesz, nem tud sz\u00f3t \u00e9rteni a k\u00e9rdez\u0151kkel. \u201eMeg\u00e9rtem, hogy a v\u00e1laszaim nem el\u00e9g\u00edtik ki \u00f6n\u00f6ket, de semmi \u00e9rtelme ugyanazokat a k\u00e9rd\u00e9seket ism\u00e9telgetni, amelyek az \u00f6n\u00f6k gondolkod\u00e1sm\u00f3dj\u00e1ba illeszkednek. \u2013 Majd \u00edgy folytatja: \u2013 Nemcsak Sz\u00edri\u00e1ban, m\u00e1shol is megt\u00f6rt\u00e9nhetett volna mindez, ak\u00e1r L\u00edbi\u00e1ban vagy valahol Afrik\u00e1ban. A h\u00e1bor\u00fa mindig mocskos, \u00e9s mindig nyomokat hagy az emberben. \u00dagy v\u00e9lem, hogy eg\u00e9sz \u00e9letemben v\u00e9gig fog k\u00eds\u00e9rni. Senki nem k\u00e9nyszer\u00edtett arra, hogy elhagyjam a haz\u00e1mat, \u00e9s Sz\u00edri\u00e1ba menjek harcolni. De t\u00e9vedhet\u00fcnk, hozhatunk rossz d\u00f6nt\u00e9seket egy adott helyzetben. \u00c9n egyben l\u00e1tok mindent, amit tettem, ami\u00f3ta elindultam Tun\u00e9zi\u00e1b\u00f3l. Azok ut\u00e1n, amiket \u00e1t\u00e9ltem, r\u00e1j\u00f6ttem, hogy az eredm\u00e9ny nagyon messze van az eredeti sz\u00e1nd\u00e9kt\u00f3l, de a sz\u00e1nd\u00e9kok \u00e9s cselekv\u00e9sek nem mindig egyeztethet\u0151k \u00f6ssze. \u00c9s \u00edt\u00e9lkezni nem az \u00e9n dolgom.\u201d<\/p>\n\n\n\n<p>Nem tudni, hogy a La Belle \u00c9quipe k\u00e1v\u00e9h\u00e1z terasz\u00e1n meg\u00f6lt Lamia Mondeguer \u00e9desanyja, az egyiptomi sz\u00e1rmaz\u00e1s\u00fa Nadia, aki Sofien Ayarit a saj\u00e1t anyj\u00e1ra eml\u00e9keztette, v\u00e9gighallgatta-e a teremben a v\u00e1dlott hossz\u00fara ny\u00falt \u00e9rvel\u00e9s\u00e9t. Az asszony okt\u00f3ber 5-\u00e9n tett vallom\u00e1s\u00e1t \u00edgy fejezte be: \u201eMindennel egy\u00fctt azt k\u00e9rem a v\u00e9delemt\u0151l, hogy v\u00e9gezze rendesen a munk\u00e1j\u00e1t. \u00c9s ezt eg\u00e9szen \u0151szint\u00e9n mondom\u201d.&nbsp;&nbsp;&nbsp;&nbsp;&nbsp;<\/p>\n","protected":false},"excerpt":{"rendered":"<p>A per tun\u00e9ziai v\u00e1dlottja, Sofien Ayari \u0151szint\u00e9n \u00e9s egy\u00e9rtelm\u0171en elmagyar\u00e1zza, hogy politikai okokb\u00f3l csatlakozott az Iszl\u00e1m \u00c1llamhoz, de hozz\u00e1teszi, m\u00e1r nem biztos abban, hogy j\u00f3l v\u00e1lasztott.&nbsp; 2015 nyar\u00e1n Osama Krayem \u00e9s Sofien Ayari egy\u00fctt indult el Sz\u00edri\u00e1b\u00f3l a menek\u00fcltek \u00fatvonal\u00e1n a n\u00e9metorsz\u00e1gi Ulmba, ahol a f\u0151v\u00e1dlott, Salah Abdeslam v\u00e1rt r\u00e1juk, \u00e9s g\u00e9pkocsival vitte \u0151ket a&#8230;<\/p>\n","protected":false},"author":1,"featured_media":0,"comment_status":"closed","ping_status":"open","sticky":false,"template":"","format":"standard","meta":{"om_disable_all_campaigns":false,"_monsterinsights_skip_tracking":false,"_monsterinsights_sitenote_active":false,"_monsterinsights_sitenote_note":"","_monsterinsights_sitenote_category":0,"spay_email":"","footnotes":""},"categories":[1],"tags":[171,18,168,137,172],"class_list":["post-728","post","type-post","status-publish","format-standard","hentry","category-uncategorized","tag-dzsihad","tag-iszlam-allam","tag-radikalizacio","tag-sofien-ayari","tag-tunezia"],"jetpack_featured_media_url":"","_links":{"self":[{"href":"https:\/\/vilaghir.com\/index.php\/wp-json\/wp\/v2\/posts\/728","targetHints":{"allow":["GET"]}}],"collection":[{"href":"https:\/\/vilaghir.com\/index.php\/wp-json\/wp\/v2\/posts"}],"about":[{"href":"https:\/\/vilaghir.com\/index.php\/wp-json\/wp\/v2\/types\/post"}],"author":[{"embeddable":true,"href":"https:\/\/vilaghir.com\/index.php\/wp-json\/wp\/v2\/users\/1"}],"replies":[{"embeddable":true,"href":"https:\/\/vilaghir.com\/index.php\/wp-json\/wp\/v2\/comments?post=728"}],"version-history":[{"count":3,"href":"https:\/\/vilaghir.com\/index.php\/wp-json\/wp\/v2\/posts\/728\/revisions"}],"predecessor-version":[{"id":733,"href":"https:\/\/vilaghir.com\/index.php\/wp-json\/wp\/v2\/posts\/728\/revisions\/733"}],"wp:attachment":[{"href":"https:\/\/vilaghir.com\/index.php\/wp-json\/wp\/v2\/media?parent=728"}],"wp:term":[{"taxonomy":"category","embeddable":true,"href":"https:\/\/vilaghir.com\/index.php\/wp-json\/wp\/v2\/categories?post=728"},{"taxonomy":"post_tag","embeddable":true,"href":"https:\/\/vilaghir.com\/index.php\/wp-json\/wp\/v2\/tags?post=728"}],"curies":[{"name":"wp","href":"https:\/\/api.w.org\/{rel}","templated":true}]}}