{"id":725,"date":"2022-02-11T01:51:30","date_gmt":"2022-02-10T23:51:30","guid":{"rendered":"https:\/\/vilaghir.com\/?p=725"},"modified":"2022-02-12T17:45:52","modified_gmt":"2022-02-12T15:45:52","slug":"a-naiv-barat","status":"publish","type":"post","link":"https:\/\/vilaghir.com\/index.php\/2022\/02\/11\/a-naiv-barat\/","title":{"rendered":"A na\u00edv bar\u00e1t"},"content":{"rendered":"\n<p>A harmadik szabadl\u00e1bon v\u00e9dekez\u0151 gyan\u00fas\u00edtott, Abdellah Chouaa, az\u00e9rt ker\u00fclt a v\u00e1dlottak partj\u00e1ra, mert az egyik f\u0151v\u00e1dlottat, Mohamed Abrinit kivitte a br\u00fcsszeli rep\u00fcl\u0151t\u00e9rre, amikor az 2015 nyar\u00e1n Sz\u00edri\u00e1ba indult kik\u00e9pz\u00e9sre. K\u00e9s\u0151bb, amikor angliai kit\u00e9r\u0151 ut\u00e1n P\u00e1rizsba \u00e9rkezett vissza, akkor is Chouaa ment \u00e9rte.<\/p>\n\n\n\n<p>A 40 \u00e9ves, k\u00e9tgyerekes csal\u00e1dapa a per kezdete \u00f3ta mindennap ingben \u00e9s zak\u00f3ban jelenik meg, orr\u00e1n s\u00f6t\u00e9tkeretes szem\u00fcveggel. A v\u00e1dlottak \u00fcvegfala el\u00e9 er\u0151s\u00edtett lehajthat\u00f3 sz\u00e9kr\u0151l figyeli a t\u00e1rgyal\u00e1st. A sz\u00fcnetekben a m\u00e1sik k\u00e9t szabadon v\u00e9dekez\u0151 v\u00e1dlottal \u00e1lldog\u00e1l a folyos\u00f3n, \u00f3vatos t\u00e1vols\u00e1got tartva a hallgat\u00f3s\u00e1g t\u00f6bbi tagjait\u00f3l, t\u00fal\u00e9l\u0151kt\u0151l, \u00fcgyv\u00e9dekt\u0151l, \u00fajs\u00e1g\u00edr\u00f3kt\u00f3l.<\/p>\n\n\n\n<div class=\"wp-block-image\"><figure class=\"aligncenter size-full is-resized\"><img loading=\"lazy\" decoding=\"async\" src=\"https:\/\/vilaghir.com\/wp-content\/uploads\/2022\/02\/Abdellah-Chouaa.jpg\" alt=\"\" class=\"wp-image-726\" width=\"487\" height=\"273\" srcset=\"https:\/\/vilaghir.com\/wp-content\/uploads\/2022\/02\/Abdellah-Chouaa.jpg 1024w, https:\/\/vilaghir.com\/wp-content\/uploads\/2022\/02\/Abdellah-Chouaa-300x169.jpg 300w, https:\/\/vilaghir.com\/wp-content\/uploads\/2022\/02\/Abdellah-Chouaa-768x432.jpg 768w, https:\/\/vilaghir.com\/wp-content\/uploads\/2022\/02\/Abdellah-Chouaa-850x478.jpg 850w\" sizes=\"auto, (max-width: 487px) 100vw, 487px\" \/><figcaption><em>Abdellah Chouaa<\/em><\/figcaption><\/figure><\/div>\n\n\n\n<p>El\u0151sz\u00f6r a volt, majd a jelenlegi feles\u00e9g\u00e9t hallgatja meg tan\u00fak\u00e9nt az esk\u00fcdtsz\u00e9k. Az els\u0151, aki vall\u00e1sos muzulm\u00e1nk\u00e9nt fejkend\u0151t visel, feljelentette ap\u00f3s\u00e1t, Chouaa apj\u00e1t, ami\u00e9rt szalafistak\u00e9nt fiatalokat buzd\u00edtott arra, hogy jelentkezzenek dzsihadist\u00e1nak Sz\u00edri\u00e1ba. M\u00e1sodik feles\u00e9ge, aki nem vall\u00e1sos, azt \u00e1ll\u00edtja, hogy az ap\u00f3sa nem szalafista, \u0151t sem akarta soha arra k\u00e9nyszer\u00edteni, hogy fejkend\u0151t viseljen.<\/p>\n\n\n\n<p>Chouaa nem vall\u00e1sgyakorl\u00f3, nem j\u00e1r mecsetbe \u00e9s nem tartja a ramad\u00e1nt, a muzulm\u00e1nok szent h\u00f3napj\u00e1t sem, 2014-ben pedig feljelentette saj\u00e1t b\u00e1tyj\u00e1t, mert azt gyan\u00edtotta, hogy Sz\u00edri\u00e1ba k\u00e9sz\u00fcl. \u201eMib\u0151l gondolta ezt?\u201d \u2013 k\u00e9rdi t\u0151le az \u00fcgy\u00e9sz. \u201eM\u00e1sk\u00e9pp kezdett \u00f6lt\u00f6zk\u00f6dni \u00e9s gyakrabban im\u00e1dkozott. Miut\u00e1n akkoriban sokan mentek el Sz\u00edri\u00e1ba, megijedtem, azt hittem, \u0151 is radikaliz\u00e1l\u00f3dik. Azt\u00e1n egy id\u0151 ut\u00e1n m\u00e1r nem volt r\u00f3la h\u00edrem. Akkor elmentem a rend\u0151rs\u00e9gre. Azt mondtam magamnak, hogy ink\u00e1bb ker\u00fclj\u00f6n b\u00f6rt\u00f6nbe, minthogy meghaljon Sz\u00edri\u00e1ban\u201d.&nbsp;&nbsp;&nbsp;<\/p>\n\n\n\n<p>A k\u00e9rd\u00e9s azonnal felmer\u00fcl az esk\u00fcdtekben: hogyan nem vette \u00e9szre legjobb bar\u00e1tja, Mohamed Abrini radikaliz\u00e1l\u00f3d\u00e1s\u00e1t, \u00e9s mi\u00e9rt vitte ki a rep\u00fcl\u0151t\u00e9rre, amikor T\u00f6r\u00f6korsz\u00e1gon \u00e1t Sz\u00edri\u00e1ba k\u00e9sz\u00fclt. \u201eMohamed Abrini soha nem mutatta, hogy radik\u00e1lis lett \u2013 mondja a v\u00e1dlott. \u2013 Akkoriban im\u00e1dott bulizni, szerette a p\u00e9nzt. Minden cs\u00fct\u00f6rt\u00f6k\u00f6n egy\u00fctt j\u00e1rtunk sals\u00e1zni egy klubba. Nem ugyanaz az ember volt, aki most itt \u00fcl. Nem ismerek r\u00e1. Nem tudtam, hogy Sz\u00edri\u00e1ba utazik, amikor kivittem a rep\u00fcl\u0151t\u00e9rre, nekem azt mondta, hogy T\u00f6r\u00f6korsz\u00e1gba megy a bar\u00e1tn\u0151j\u00e9hez. L\u00e1ttam a jegy\u00e9t is, t\u00edznapos all inclusive nyaral\u00e1s, rep\u00fcl\u0151jeggyel oda-vissza.\u201d<\/p>\n\n\n\n<p>Amikor Chouaa megtudta, hogy a bar\u00e1tja Sz\u00edri\u00e1ba ment, annyira megharagudott r\u00e1, hogy nem is vette neki fel a telefont. Azt\u00e1n m\u00e9gis elment \u00e9rte P\u00e1rizsba, amikor Abrini t\u00edz nap m\u00falva visszaj\u00f6tt Eur\u00f3p\u00e1ba. \u201eMi\u00e9rt ment \u00e9rte, ha haragudott r\u00e1?\u201d \u2013 k\u00e9rdi az egyik esk\u00fcdt. \u201eFelh\u00edvott Angli\u00e1b\u00f3l, \u00e9s bizonygatta, hogy nem volt Sz\u00edri\u00e1ban\u201d. Abdellah Chouaa hitt neki, \u00e9s \u00f6r\u00fclt, hogy hazat\u00e9rt a bar\u00e1tja. Semmit nem \u00e9rz\u00e9kelt a radikaliz\u00e1l\u00f3d\u00e1s\u00e1b\u00f3l, akkor sem, amikor l\u00e1tta, hogy dzsihadista propagand\u00e1t n\u00e9z a laptopj\u00e1n. \u201dT\u00e9ny, hogy l\u00e1ttam, ahogy ezeket a vide\u00f3kat n\u00e9zi, de csak az \u00f6ccs\u00e9t n\u00e9zte, Souleimane Abrinit, aki 2014 elej\u00e9n csatlakozott az Iszl\u00e1m \u00c1llamhoz. Mohamed m\u00e9g focit \u00e9s porn\u00f3t is n\u00e9zett, ezt t\u00f6bbsz\u00f6r sz\u00f3v\u00e1 is tettem\u201d \u2013 mondja a v\u00e1dlott.\u00a0<\/p>\n\n\n\n<p>Amikor Mohamed Abrini v\u00e9d\u0151je arra k\u00e9ri a v\u00e1dlottat, mondja el, milyen embernek ismerte meg a bar\u00e1tj\u00e1t, Chouaa \u00f6sszeomlik. Hosszan s\u00edr, a teremben csend lesz \u00farr\u00e1. Majd halkan annyit mond: \u201eSzerette a szerencsej\u00e1t\u00e9kokat, a l\u00e1nyokat, sokat bulizott. Nem gyakorolta \u0151 sem a vall\u00e1st. Megb\u00edztam benne, \u00e9s most miatta vagyok itt. Rem\u00e9lem, ezzel \u0151 is tiszt\u00e1ban van.\u201d<\/p>\n","protected":false},"excerpt":{"rendered":"<p>A harmadik szabadl\u00e1bon v\u00e9dekez\u0151 gyan\u00fas\u00edtott, Abdellah Chouaa, az\u00e9rt ker\u00fclt a v\u00e1dlottak partj\u00e1ra, mert az egyik f\u0151v\u00e1dlottat, Mohamed Abrinit kivitte a br\u00fcsszeli rep\u00fcl\u0151t\u00e9rre, amikor az 2015 nyar\u00e1n Sz\u00edri\u00e1ba indult kik\u00e9pz\u00e9sre. K\u00e9s\u0151bb, amikor angliai kit\u00e9r\u0151 ut\u00e1n P\u00e1rizsba \u00e9rkezett vissza, akkor is Chouaa ment \u00e9rte. A 40 \u00e9ves, k\u00e9tgyerekes csal\u00e1dapa a per kezdete \u00f3ta mindennap ingben \u00e9s zak\u00f3ban&#8230;<\/p>\n","protected":false},"author":1,"featured_media":0,"comment_status":"closed","ping_status":"open","sticky":false,"template":"","format":"standard","meta":{"om_disable_all_campaigns":false,"_monsterinsights_skip_tracking":false,"_monsterinsights_sitenote_active":false,"_monsterinsights_sitenote_note":"","_monsterinsights_sitenote_category":0,"spay_email":"","footnotes":""},"categories":[1],"tags":[170,19,18,133,163],"class_list":["post-725","post","type-post","status-publish","format-standard","hentry","category-uncategorized","tag-chouaa","tag-dzsihadista","tag-iszlam-allam","tag-mohamed-abrini","tag-radikalizalodas"],"jetpack_featured_media_url":"","_links":{"self":[{"href":"https:\/\/vilaghir.com\/index.php\/wp-json\/wp\/v2\/posts\/725","targetHints":{"allow":["GET"]}}],"collection":[{"href":"https:\/\/vilaghir.com\/index.php\/wp-json\/wp\/v2\/posts"}],"about":[{"href":"https:\/\/vilaghir.com\/index.php\/wp-json\/wp\/v2\/types\/post"}],"author":[{"embeddable":true,"href":"https:\/\/vilaghir.com\/index.php\/wp-json\/wp\/v2\/users\/1"}],"replies":[{"embeddable":true,"href":"https:\/\/vilaghir.com\/index.php\/wp-json\/wp\/v2\/comments?post=725"}],"version-history":[{"count":3,"href":"https:\/\/vilaghir.com\/index.php\/wp-json\/wp\/v2\/posts\/725\/revisions"}],"predecessor-version":[{"id":735,"href":"https:\/\/vilaghir.com\/index.php\/wp-json\/wp\/v2\/posts\/725\/revisions\/735"}],"wp:attachment":[{"href":"https:\/\/vilaghir.com\/index.php\/wp-json\/wp\/v2\/media?parent=725"}],"wp:term":[{"taxonomy":"category","embeddable":true,"href":"https:\/\/vilaghir.com\/index.php\/wp-json\/wp\/v2\/categories?post=725"},{"taxonomy":"post_tag","embeddable":true,"href":"https:\/\/vilaghir.com\/index.php\/wp-json\/wp\/v2\/tags?post=725"}],"curies":[{"name":"wp","href":"https:\/\/api.w.org\/{rel}","templated":true}]}}