{"id":697,"date":"2022-02-01T17:34:38","date_gmt":"2022-02-01T15:34:38","guid":{"rendered":"https:\/\/vilaghir.com\/?p=697"},"modified":"2022-02-01T17:34:39","modified_gmt":"2022-02-01T15:34:39","slug":"mohamed-bakkali-a-hallgatast-valasztja","status":"publish","type":"post","link":"https:\/\/vilaghir.com\/index.php\/2022\/02\/01\/mohamed-bakkali-a-hallgatast-valasztja\/","title":{"rendered":"Mohamed Bakkali a hallgat\u00e1st v\u00e1lasztja"},"content":{"rendered":"\n<p>A pert janu\u00e1rban k\u00e9tszer is fel kellett f\u00fcggeszteni egy-egy h\u00e9tre, miut\u00e1n t\u00f6bb v\u00e1dlott is elkapta a koronav\u00edrust. De nemcsak emiatt val\u00f3sz\u00edn\u0171, hogy a ny\u00e1r k\u00f6zepe el\u0151tt nem lesz \u00edt\u00e9let. A gyan\u00fas\u00edtottak meghallgat\u00e1sa ugyanis a v\u00e1rtn\u00e1l \u00f6sszetettebbnek \u00e9s hosszadalmasabbnak bizonyul, a t\u00e1rgyal\u00e1s menetrendje folyamatosan v\u00e1ltozik, mindezek miatt egyre ink\u00e1bb \u00e9rz\u0151dik a f\u00e1radts\u00e1g \u00e9s id\u0151nk\u00e9nt az idegess\u00e9g a per valamennyi szerepl\u0151j\u00e9n, az \u00fcgyv\u00e9deken az \u00fcgy\u00e9szeken \u00e9s az esk\u00fcdtsz\u00e9k tagjain is. Ennek szeml\u00e9letes p\u00e9ld\u00e1ja Mohamed Bakkali meghallgat\u00e1sa.\u00a0\u00a0\u00a0\u00a0<\/p>\n\n\n\n<p>A 34 \u00e9ves f\u00e9rfit azzal v\u00e1dolj\u00e1k, hogy r\u00e9szt vett a t\u00e1mad\u00e1sok el\u0151k\u00e9sz\u00edt\u00e9s\u00e9ben, \u0151 b\u00e9relte ki a terrorcsoport tagjainak b\u00fav\u00f3hely\u00e9\u00fcl szolg\u00e1l\u00f3 br\u00fcsszeli lak\u00e1sok egy r\u00e9sz\u00e9t. Tavaly 25 \u00e9v szabads\u00e1gveszt\u00e9sre \u00edt\u00e9lt\u00e9k, ami\u00e9rt seg\u00edtette Amszterdamba jutni Ayoub El Khazzanit, aki egy P\u00e1rizsba tart\u00f3 expresszvonaton \u2013 a p\u00e1rizsi mer\u00e9nyletek el\u0151tt h\u00e1rom h\u00f3nappal \u2013 mer\u00e9nyletet k\u00eds\u00e9relt meg. (A t\u00e1mad\u00e1st amerikai katon\u00e1k akad\u00e1lyozt\u00e1k meg v\u00e9g\u00fcl.) Bakkali tagadta a v\u00e1dat, \u00e9s fellebbezett az \u00edt\u00e9let ellen, \u00edgy m\u00e9g nem sz\u00e1m\u00edt b\u00fcntetett el\u0151\u00e9let\u0171nek. A szem\u00e9lyis\u00e9g\u00e9nek megismer\u00e9s\u00e9t szolg\u00e1l\u00f3 novemberi meghallgat\u00e1son v\u00e1laszt\u00e9kos besz\u00e9d\u00e9vel kit\u0171nt a t\u00f6bbi gyan\u00fas\u00edtott k\u00f6z\u00fcl. Nagy odafigyel\u00e9ssel hallgatta v\u00e9gig a k\u00e9rd\u00e9seket, \u00e9s a lehet\u0151 legpontosabban pr\u00f3b\u00e1lt meg v\u00e1laszolni r\u00e1juk. \u00c9rettebb \u00e9s megfontoltabb volt v\u00e1dlott-t\u00e1rsain\u00e1l, a b\u00f6rt\u00f6nben megszerzett szociol\u00f3gusi diplom\u00e1j\u00e1val egy\u00e9rtelm\u0171en mag\u00e1ra ir\u00e1ny\u00edtotta a figyelmet.&nbsp;&nbsp;&nbsp;<\/p>\n\n\n\n<div class=\"wp-block-image\"><figure class=\"aligncenter size-full is-resized\"><img loading=\"lazy\" decoding=\"async\" src=\"https:\/\/vilaghir.com\/wp-content\/uploads\/2022\/02\/Mohamed-Bakkali.jpg\" alt=\"\" class=\"wp-image-698\" width=\"583\" height=\"327\" srcset=\"https:\/\/vilaghir.com\/wp-content\/uploads\/2022\/02\/Mohamed-Bakkali.jpg 1024w, https:\/\/vilaghir.com\/wp-content\/uploads\/2022\/02\/Mohamed-Bakkali-300x169.jpg 300w, https:\/\/vilaghir.com\/wp-content\/uploads\/2022\/02\/Mohamed-Bakkali-768x432.jpg 768w, https:\/\/vilaghir.com\/wp-content\/uploads\/2022\/02\/Mohamed-Bakkali-850x478.jpg 850w\" sizes=\"auto, (max-width: 583px) 100vw, 583px\" \/><figcaption><em>Mohamed Bakkali<\/em><\/figcaption><\/figure><\/div>\n\n\n\n<p>Nagy meglepet\u00e9st okoz, amikor sz\u00f3t k\u00e9r, miel\u0151tt az az esk\u00fcdtsz\u00e9k eln\u00f6ke megkezden\u00e9 a vall\u00e1si n\u00e9zeteire vonatkoz\u00f3 kihallgat\u00e1s\u00e1t. \u201eSzeretn\u00e9k el\u0151bb valamit mondani \u2013 kezdi. \u2013 Volt egy m\u00e1sik perem. Akkor hosszan magyar\u00e1zkodtam, de olyan \u00edt\u00e9letet kaptam, amire nem sz\u00e1m\u00edtottam. Mondhatok b\u00e1rmit, tehetek b\u00e1rmit, az \u00e9n szavaimnak m\u00e1r nincs \u00e9rt\u00e9k\u00fck, semmin nem v\u00e1ltoztatnak. Ennek a pernek az elej\u00e9n \u00f6t h\u00e9ten \u00e1t az \u00e1ldozatokat hallgattuk, ez engem kik\u00e9sz\u00edtett, nincs t\u00f6bb er\u0151m k\u00fczdeni \u00e9s magyar\u00e1zkodni. Az az igazs\u00e1g, hogy m\u00e1r nem tudom, milyen ember voltam kor\u00e1bban. Ez\u00e9rt a hallgat\u00e1s jog\u00e1t v\u00e1lasztom\u201d.<\/p>\n\n\n\n<p>Az esk\u00fcdtek arc\u00e1n a meglep\u0151d\u00e9s mellett csal\u00f3dotts\u00e1g l\u00e1tszik. Mohamed Bakkali \u00e1llva marad, \u00e9s folytatja: \u201eEz nem szesz\u00e9ly. Nem b\u00edrom tov\u00e1bb. Amit kisug\u00e1rzok, egy\u00e1ltal\u00e1n nincs \u00f6sszhangban azzal, amit mondok. Egyszer v\u00e9gigcsin\u00e1ltam, k\u00fczd\u00f6ttem, v\u00e9g\u00fcl m\u00e9gis el\u00edt\u00e9ltek valami olyan\u00e9rt, amit nem k\u00f6vettem el\u201d.<\/p>\n\n\n\n<p>Jean-Louis P\u00e9ri\u00e8s, az esk\u00fcdtsz\u00e9k eln\u00f6ke nem hagyja annyiban a dolgot: \u201eSzeretn\u00e9m m\u00e9gis meggy\u0151zni. Azt mondja, hogy egy m\u00e1sik b\u00edr\u00f3s\u00e1g nem hallgatta meg \u00f6nt. Szeretn\u00e9m arra k\u00e9rni, hogy ragadja meg a lehet\u0151s\u00e9get el\u0151tt\u00fcnk. Hallgat\u00e1sa nem szolg\u00e1ja az \u00f6n jav\u00e1t.\u201d<\/p>\n\n\n\n<p>Bakkali erre m\u00e9g k\u00e9szs\u00e9gesen v\u00e1laszol: \u201eOlyan helyzetben vagyok, amelyben minden ellenem j\u00e1tszik, b\u00e1rmit teszek, ravaszs\u00e1gk\u00e9nt fogj\u00e1k \u00e9rtelmezni. Ez az \u00e9n saj\u00e1t d\u00f6nt\u00e9sem, \u00fcgyv\u00e9deim azt szeretn\u00e9k, ha besz\u00e9ln\u00e9k. Nem k\u00e9tlem, hogy ez \u00f6nnek \u00e9s a t\u00f6bbi f\u00e9lnek is neh\u00e9z, de \u00e9n \u00edgy pr\u00f3b\u00e1lok t\u00fal\u00e9lni hat \u00e9vi mag\u00e1nz\u00e1rka ut\u00e1n. \u00c1m nem akarok panaszkodni, mert azt is f\u00e9lre\u00e9rtelmezn\u00e9k.\u201d<\/p>\n\n\n\n<p>\u201eAkkor tekints\u00fck \u00fagy, hogy meger\u0151s\u00edti a nyomoz\u00e1s alatt tett vallom\u00e1sait?\u201d \u2013 k\u00e9rdi a b\u00edr\u00f3. \u201eIgen\u201d \u2013 v\u00e1laszolja Bakkali, majd enged\u00e9lyt k\u00e9r, hogy le\u00fclhessen. \u201eNe habozzon k\u00f6zbesz\u00f3lni, ha \u00fagy l\u00e1tja j\u00f3nak!\u201d \u2013 pr\u00f3b\u00e1lkozik m\u00e9g egyszer az esk\u00fcdtsz\u00e9k eln\u00f6ke, aki ezt k\u00f6vet\u0151en r\u00e9szleteket olvas fel a nyomozati jegyz\u0151k\u00f6nyvekb\u0151l: \u201eNem \u00e9rtek egyet a kegyetlenked\u00e9sekkel, de \u0151k is muzulm\u00e1nok, \u00e9s a vall\u00e1som tiltja a muzulm\u00e1nok b\u00edr\u00e1lat\u00e1t nem muzulm\u00e1nok el\u0151tt. Ellenzem \u00e1rtatlanok meggyilkol\u00e1s\u00e1t\u201d \u2013 dar\u00e1lja le a b\u00edr\u00f3, miel\u0151tt hozz\u00e1teszi: \u201eMinderr\u0151l sz\u00edvesen feltett\u00fcnk volna \u00f6nnek n\u00e9h\u00e1ny k\u00e9rd\u00e9st\u201d.<\/p>\n\n\n\n<p>Az esk\u00fcdtsz\u00e9k szerette volna hallani Bakkalit az otthon\u00e1ban tartott h\u00e1zkutat\u00e1s sor\u00e1n tal\u00e1lt dokumentumokr\u00f3l is. Ezek a radik\u00e1lis iszl\u00e1m \u00e9s a dzsih\u00e1d ir\u00e1nti \u00e9rdekl\u0151d\u00e9s\u00e9r\u0151l tan\u00faskodnak, k\u00f6zt\u00fck egy fot\u00f3 Oszama bin Ladenr\u0151l vagy a Charlie Hebdo \u00e9s a zsid\u00f3 \u00e9lelmiszerbolt elleni t\u00e1mad\u00e1sok egyik mer\u00e9nyl\u0151j\u00e9r\u0151l. A rend\u0151rs\u00e9gi jegyz\u0151k\u00f6nyv szerint ekkor Bakkali megjegyezte, hogy a p\u00e1p\u00e1r\u00f3l is tart mag\u00e1n\u00e1l fot\u00f3t, pedig nem is kereszt\u00e9ny. \u201e\u00c1ltal\u00e1noss\u00e1gban nem \u00e9rtek egyet a radik\u00e1lis gondolkod\u00e1ssal\u201d \u2013 olvashat\u00f3 a jegyz\u0151k\u00f6nyvben, amely szerint a v\u00e1dlott ortodox muzulm\u00e1nnak vallja mag\u00e1t.<\/p>\n\n\n\n<p>Bakkalit az \u00e1ldozatok \u00fcgyv\u00e9djei k\u00f6z\u00fcl t\u00f6bben is megpr\u00f3b\u00e1lj\u00e1k a maguk m\u00f3dj\u00e1n meggy\u0151zni arr\u00f3l, hogy sz\u00f3laljon meg \u2013 hi\u00e1ba. \u201eHa val\u00f3ban annyira felkavart\u00e1k volna \u00f6nt a t\u00fal\u00e9l\u0151k besz\u00e1mol\u00f3i \u2013 mondja G\u00e9rard Chemla \u2013, azt gondolhatn\u00e1nk, hogy legal\u00e1bb nekik szeretne mondani valamit, vannak k\u00f6zt\u00fck, akik mindennap itt vannak a t\u00e1rgyal\u00f3teremben. Ne menek\u00fclj\u00f6n bele abba az \u00e9rz\u00e9sbe, hogy \u00f6n a per m\u00e1rt\u00edrja, hiszen megvan minden lehet\u0151s\u00e9ge a v\u00e9dekez\u00e9sre!\u201d Didier Seban \u00fcgyv\u00e9d: \u201e\u00c9n meg csak annyit k\u00e9rdek \u00f6nt\u0151l, Bakkali \u00far, hogy mit\u0151l f\u00e9l. A t\u00f6bbi v\u00e1dlott\u00f3l? Vagy azokt\u00f3l az emberekt\u0151l, akik nincsenek itt? Net\u00e1n az igazs\u00e1gszolg\u00e1ltat\u00e1st\u00f3l vagy az \u00e1ldozatok tekintet\u00e9t\u0151l?\u201d Nem kap v\u00e1laszt.<\/p>\n\n\n\n<p>Tan\u00fak\u00e9nt id\u00e9zi meg az esk\u00fcdtsz\u00e9k Bakkali b\u00e1tyj\u00e1t, Abdelmajidot, aki megsz\u00f3lal\u00e1sig hasonl\u00edt r\u00e1. Ugyanaz az er\u0151s testalkat, \u00e1polt szak\u00e1ll, \u00e9les tekintet, m\u00e9ly hang, \u00e9rthet\u0151, v\u00e1laszt\u00e9kos, v\u00e9giggondolt, nyugodt besz\u00e9dm\u00f3d. A 38 \u00e9ves f\u00e9rfi, aki elektrotechnikusk\u00e9nt dolgozik Angli\u00e1ban, r\u00e9szletesen besz\u00e9l saj\u00e1t vall\u00e1si meggy\u0151z\u0151d\u00e9s\u00e9r\u0151l. A hallgat\u00f3s\u00e1gnak az a benyom\u00e1sa, hogy mag\u00e1t a v\u00e1dlottat l\u00e1tja, amikor m\u00e9g b\u00e9k\u00e9s muzulm\u00e1n volt.&nbsp;&nbsp;&nbsp;&nbsp;&nbsp;&nbsp;<\/p>\n\n\n\n<p>\u00c9rdekes lett volna megtudni, hogy szerinte milyen k\u00f6r\u00fclm\u00e9nyek \u00e9s emberek j\u00e1rultak hozz\u00e1 az \u00f6ccse radikaliz\u00e1l\u00f3d\u00e1s\u00e1hoz, akinek makacs hallgat\u00e1sa miatt azonban az esk\u00fcdtek \u00e9s az \u00e1ldozatok \u00fcgyv\u00e9djei tal\u00e1n a kellet\u00e9n\u00e9l t\u00e1mad\u00f3bban k\u00e9rdezik a tan\u00fat vall\u00e1soss\u00e1g\u00e1r\u00f3l. Abdelmajid nem is t\u00e1rulkozik fel, sok \u00fajdons\u00e1g nem der\u00fcl ki a szavaib\u00f3l.<\/p>\n","protected":false},"excerpt":{"rendered":"<p>A pert janu\u00e1rban k\u00e9tszer is fel kellett f\u00fcggeszteni egy-egy h\u00e9tre, miut\u00e1n t\u00f6bb v\u00e1dlott is elkapta a koronav\u00edrust. De nemcsak emiatt val\u00f3sz\u00edn\u0171, hogy a ny\u00e1r k\u00f6zepe el\u0151tt nem lesz \u00edt\u00e9let. A gyan\u00fas\u00edtottak meghallgat\u00e1sa ugyanis a v\u00e1rtn\u00e1l \u00f6sszetettebbnek \u00e9s hosszadalmasabbnak bizonyul, a t\u00e1rgyal\u00e1s menetrendje folyamatosan v\u00e1ltozik, mindezek miatt egyre ink\u00e1bb \u00e9rz\u0151dik a f\u00e1radts\u00e1g \u00e9s id\u0151nk\u00e9nt az idegess\u00e9g&#8230;<\/p>\n","protected":false},"author":1,"featured_media":0,"comment_status":"closed","ping_status":"open","sticky":false,"template":"","format":"standard","meta":{"om_disable_all_campaigns":false,"_monsterinsights_skip_tracking":false,"_monsterinsights_sitenote_active":false,"_monsterinsights_sitenote_note":"","_monsterinsights_sitenote_category":0,"spay_email":"","footnotes":""},"categories":[1],"tags":[44,35,162,163],"class_list":["post-697","post","type-post","status-publish","format-standard","hentry","category-uncategorized","tag-bakkali","tag-eskudtszek","tag-hallgatas","tag-radikalizalodas"],"jetpack_featured_media_url":"","_links":{"self":[{"href":"https:\/\/vilaghir.com\/index.php\/wp-json\/wp\/v2\/posts\/697","targetHints":{"allow":["GET"]}}],"collection":[{"href":"https:\/\/vilaghir.com\/index.php\/wp-json\/wp\/v2\/posts"}],"about":[{"href":"https:\/\/vilaghir.com\/index.php\/wp-json\/wp\/v2\/types\/post"}],"author":[{"embeddable":true,"href":"https:\/\/vilaghir.com\/index.php\/wp-json\/wp\/v2\/users\/1"}],"replies":[{"embeddable":true,"href":"https:\/\/vilaghir.com\/index.php\/wp-json\/wp\/v2\/comments?post=697"}],"version-history":[{"count":1,"href":"https:\/\/vilaghir.com\/index.php\/wp-json\/wp\/v2\/posts\/697\/revisions"}],"predecessor-version":[{"id":699,"href":"https:\/\/vilaghir.com\/index.php\/wp-json\/wp\/v2\/posts\/697\/revisions\/699"}],"wp:attachment":[{"href":"https:\/\/vilaghir.com\/index.php\/wp-json\/wp\/v2\/media?parent=697"}],"wp:term":[{"taxonomy":"category","embeddable":true,"href":"https:\/\/vilaghir.com\/index.php\/wp-json\/wp\/v2\/categories?post=697"},{"taxonomy":"post_tag","embeddable":true,"href":"https:\/\/vilaghir.com\/index.php\/wp-json\/wp\/v2\/tags?post=697"}],"curies":[{"name":"wp","href":"https:\/\/api.w.org\/{rel}","templated":true}]}}