{"id":692,"date":"2022-01-28T01:16:57","date_gmt":"2022-01-27T23:16:57","guid":{"rendered":"https:\/\/vilaghir.com\/?p=692"},"modified":"2022-01-28T01:16:59","modified_gmt":"2022-01-27T23:16:59","slug":"vita-a-haborus-bizonyitekokrol","status":"publish","type":"post","link":"https:\/\/vilaghir.com\/index.php\/2022\/01\/28\/vita-a-haborus-bizonyitekokrol\/","title":{"rendered":"Vita a h\u00e1bor\u00fas bizony\u00edt\u00e9kokr\u00f3l"},"content":{"rendered":"\n<p>A v\u00e1dlottak k\u00f6z\u00fcl a pakiszt\u00e1ni Muhammad Usmanr\u00f3l lehet a legkevesebbet tudni.&nbsp; Meghallgat\u00e1sa precedens \u00e9rt\u00e9k\u0171 vit\u00e1t gerjeszt az \u00fcgy\u00e9sz \u00e9s a v\u00e9delem k\u00f6z\u00f6tt a h\u00e1bor\u00fas bizony\u00edt\u00e9koknak egy jog\u00e1llamban meg\u00edt\u00e9lhet\u0151 legitimit\u00e1s\u00e1r\u00f3l.&nbsp;<\/p>\n\n\n\n<p>A hom\u00e1lyos tekintet\u0171, kopasz f\u00e9rfi nem tud semmit, nem eml\u00e9kszik semmire. M\u00e9g a sz\u00fclet\u00e9si d\u00e1tuma sem egy\u00e9rtelm\u0171, mivel a pakiszt\u00e1ni hat\u00f3s\u00e1gok m\u00e1s id\u0151pontot jel\u00f6ltek meg, mint amit \u0151 maga \u00e1ll\u00edt. A letart\u00f3ztat\u00e1sakor n\u00e1la l\u00e9v\u0151 hamis dokumentumokban 1981 szerepel sz\u00fclet\u00e9si \u00e9vk\u00e9nt, a pakiszt\u00e1ni hat\u00f3s\u00e1gok \u00e1ltal kiadott szem\u00e9lyi igazolv\u00e1nyban viszont 1993.<\/p>\n\n\n\n<div class=\"wp-block-image\"><figure class=\"aligncenter size-full is-resized\"><img loading=\"lazy\" decoding=\"async\" src=\"https:\/\/vilaghir.com\/wp-content\/uploads\/2022\/01\/Usman.webp\" alt=\"\" class=\"wp-image-694\" width=\"547\" height=\"341\" srcset=\"https:\/\/vilaghir.com\/wp-content\/uploads\/2022\/01\/Usman.webp 932w, https:\/\/vilaghir.com\/wp-content\/uploads\/2022\/01\/Usman-300x187.webp 300w, https:\/\/vilaghir.com\/wp-content\/uploads\/2022\/01\/Usman-768x480.webp 768w, https:\/\/vilaghir.com\/wp-content\/uploads\/2022\/01\/Usman-850x531.webp 850w\" sizes=\"auto, (max-width: 547px) 100vw, 547px\" \/><figcaption><em>Muhammad Usman<\/em><\/figcaption><\/figure><\/div>\n\n\n\n<p>Usman egyike volt annak a n\u00e9gy dzsihadist\u00e1nak, akiket 2015. okt\u00f3ber 2-\u00e1n az Iszl\u00e1m \u00c1llam egy\u00fctt ind\u00edtott \u00fatnak Sz\u00edri\u00e1b\u00f3l hamis sz\u00edriai \u00fatlevelekkel. Egy nappal k\u00e9s\u0151bb \u00e9rkezetek meg k\u00e9tsz\u00e1z menek\u00fclttel egy\u00fctt egy l\u00e9lekveszt\u0151n L\u00e9rosz sziget\u00e9re. N\u00e9gy\u00fck k\u00f6z\u00fcl ketten a Stade de France stadion k\u00f6zel\u00e9ben november 13-\u00e1n felrobbantott\u00e1k magukat, a m\u00e1sik kett\u0151 nem tudta teljes\u00edteni a k\u00fcldet\u00e9s\u00e9t: \u00fatk\u00f6zben lebuktak, \u00edgy most a v\u00e1dlottak padj\u00e1n \u00fclnek.<\/p>\n\n\n\n<p>M\u00edg a k\u00e9t \u00f6ngyilkos iraki mer\u00e9nyl\u0151 \u00e1tcs\u00faszott a g\u00f6r\u00f6g rend\u0151r\u00f6k ellen\u0151rz\u00e9s\u00e9n, az alg\u00e9riai Haddadit \u00e9s a pakiszt\u00e1ni Usmant \u0151rizetbe vett\u00e9k. Ut\u00f3bbi azon bukott le, hogy sz\u00edriai \u00fatlevele ellen\u00e9re nem besz\u00e9lt arabul. Okt\u00f3ber v\u00e9g\u00e9n elengedt\u00e9k \u0151ket a g\u00f6r\u00f6g hat\u00f3s\u00e1gok, s \u0151k folytatt\u00e1k \u00fatjukat Franciaorsz\u00e1g ir\u00e1ny\u00e1ba, de december 10-\u00e9n Salzburgban letart\u00f3ztatt\u00e1k \u0151ket, mert az osztr\u00e1k nyomoz\u00f3k gyan\u00faja szerint r\u00e9szt vettek volna a p\u00e1rizsi mer\u00e9nyletsorozatban, ha a hat\u00f3s\u00e1gok G\u00f6r\u00f6gorsz\u00e1gban nem \u00e1llj\u00e1k \u00fatjukat.&nbsp;&nbsp;<\/p>\n\n\n\n<p>Usmann annyit elismer, hogy \u201eer\u0151szakos akci\u00f3\u201d elk\u00f6vet\u00e9s\u00e9re k\u00fcldt\u00e9k Franciaorsz\u00e1gba. A nyomoz\u00e1s azt nem tudta meg\u00e1llap\u00edtani, hogyan \u00e9s mikor \u00e9rkezett Sz\u00edri\u00e1ba, \u00e9s mi volt a szerepe az Iszl\u00e1m \u00c1llam szervezet\u00e9ben, miel\u0151tt kijel\u00f6lt\u00e9k kamik\u00e1z\u00e9nak. \u0150 csak arra eml\u00e9kszik, hogy 2015 nyar\u00e1n \u00e9rkezett meg Sz\u00edri\u00e1ba, onnan tov\u00e1bb k\u00fcldt\u00e9k az iraki Fall\u00fadzs\u00e1ba, ahol elmond\u00e1sa szerint n\u00e9h\u00e1ny hetet t\u00f6lt\u00f6tt. Azt \u00e1ll\u00edtja, soha nem tartozott harci csoporthoz, nem volt harci neve, pedig azt minden tagj\u00e1nak ad az Iszl\u00e1m \u00c1llam. Pr\u00f3b\u00e1lja meggy\u0151zni a hallgat\u00f3s\u00e1got, hogy nem kapott sem vall\u00e1si, sem katonai k\u00e9pz\u00e9st, ami pedig szint\u00e9n k\u00f6telez\u0151 minden oda\u00e9rkez\u0151nek. \u201eH\u00e1t akkor mit csin\u00e1lt Fall\u00fadzs\u00e1ban?\u201d \u2013 k\u00e9rdi az esk\u00fcdtsz\u00e9k eln\u00f6ke. \u201eSemmit nem csin\u00e1ltam \u2013 v\u00e1laszolja. \u2013 Otthon voltam \u00e9s elj\u00e1rtam a mecsetbe.\u201d A b\u00edr\u00f3 csod\u00e1lkozva k\u00e9rdezi: \u201eAz\u00e9rt tette meg ezt a t\u00f6bb ezer kilom\u00e9teres, k\u00f6lts\u00e9ges utat Pakiszt\u00e1nb\u00f3l t\u00f6bb orsz\u00e1gon \u00e1t, hogy azt\u00e1n az iraki-sz\u00edriai z\u00f3n\u00e1ba meg\u00e9rkezve semmit se csin\u00e1ljon? Ott mindenhol harcok folytak, sz\u00fcks\u00e9g\u00fck volt harcosokra, \u00f6nt meg csak odautaztatt\u00e1k Pakiszt\u00e1nb\u00f3l az\u00e9rt, hogy a Kor\u00e1nt olvasgassa otthon \u00e9s id\u0151nk\u00e9nt \u00e1tmenjen a mecsetbe? Usman nem v\u00e1laszol.<\/p>\n\n\n\n<p>Iraki l\u00e1togat\u00e1sa ut\u00e1n \u2013 amir\u0151l semmit nem \u00e1rul el \u2013, saj\u00e1t elmond\u00e1sa szerint \u00e1tk\u00fcldt\u00e9k a sz\u00edriai Rakk\u00e1ba, ott b\u00edzt\u00e1k meg a p\u00e1rizsi k\u00fcldtet\u00e9ssel. De mi\u00e9rt pont \u0151t? \u00c9s hogyan nyerte el a terrorszervezet vezet\u0151inek bizalm\u00e1t? \u2013 \u00e9rdekl\u0151dnek az esk\u00fcdtek. A pakiszt\u00e1ni erre csak annyit mond, hogy fogalma sincs, mi\u00e9rt \u0151t v\u00e1lasztott\u00e1k ki, \u0151 kor\u00e1bban sosem fogott fegyvert.&nbsp;<\/p>\n\n\n\n<p>A bels\u0151 elh\u00e1r\u00edt\u00e1s egyik tisztje m\u00e9g 2021 novemberben bemutatott az esk\u00fcdtek el\u0151tt egy dzsihadista propagandafelv\u00e9telt, amely 2015 m\u00e1jus\u00e1ban k\u00e9sz\u00fclt az iraki Ramadiban, hatvan kilom\u00e9terre Fall\u00fadzs\u00e1t\u00f3l. A felv\u00e9telen az Iszl\u00e1m \u00c1llam harcosai k\u00f6z\u00f6tt \u2013 akik a v\u00e1ros bev\u00e9tel\u00e9t \u00fcnneplik \u00e9ppen \u2013 a francia elemz\u0151k azonos\u00edtott\u00e1k Muhammad Usmant, v\u00e1ll\u00e1n egy g\u00e9pfegyverrel. A k\u00e9pek alapj\u00e1n meg\u00e1llap\u00edthat\u00f3, hogy nem 2015 nyar\u00e1n \u00e9rkezett a kalif\u00e1tus ter\u00fclet\u00e9re, \u00e9s ott nem kiz\u00e1r\u00f3lag im\u00e1dkoz\u00e1ssal t\u00f6lt\u00f6tte idej\u00e9t.<\/p>\n\n\n\n<p>A h\u00e1bor\u00fas bizony\u00edt\u00e9k, amelyet a harcmez\u0151n a nemzetk\u00f6zi koal\u00edci\u00f3 er\u0151i gy\u0171jt\u00f6ttek be, r\u00e9sze annak a t\u00f6bb milli\u00f3 nyomnak, amit a dzsihadist\u00e1k hagytak maguk ut\u00e1n Sz\u00edri\u00e1ban \u00e9s Irakban telefonokban, nyilv\u00e1ntart\u00e1sokban, sz\u00e1m\u00edt\u00f3g\u00e9pekben, DNS-mint\u00e1kban. Az Egyes\u00fclt \u00c1llamok ezt az arch\u00edvumot t\u00f6bb orsz\u00e1g, \u00edgy Franciaorsz\u00e1g sz\u00e1m\u00e1ra is hozz\u00e1f\u00e9rhet\u0151v\u00e9 tette egy sz\u00e9lesk\u00f6r\u0171 program keret\u00e9ben, amely az Operation Gallant Phoenix nevet kapta. Ez a hatalmas adatb\u00e1zis, amelyet egy jord\u00e1niai k\u00f6zpontban \u0151riznek, nagym\u00e9rt\u00e9kben seg\u00edti a dzsihadist\u00e1k ellen foly\u00f3 jogi elj\u00e1r\u00e1sok bizony\u00edt\u00e9kokkal t\u00f6rt\u00e9n\u0151 al\u00e1t\u00e1maszt\u00e1s\u00e1t.&nbsp;&nbsp;<\/p>\n\n\n\n<p>Ezt a m\u00f3dszert t\u00e1madja meg a perben a v\u00e9delem. A felv\u00e9telt a v\u00e1dhat\u00f3s\u00e1g ugyanis 2021 nyar\u00e1n csatolta a peranyaghoz, miut\u00e1n a nyomozati szakasz m\u00e1r lez\u00e1rult. Edward Huylebrouck, Usman egyik v\u00e9d\u0151je azt is kifog\u00e1solja, hogy h\u00e1bor\u00fas k\u00f6r\u00fclm\u00e9nyek k\u00f6z\u00f6tt beszerzett bizony\u00edt\u00e9kr\u00f3l van sz\u00f3. Ind\u00edtv\u00e1nyozza, hogy tekintsenek el ennek bizony\u00edt\u00e9kk\u00e9nt val\u00f3 kezel\u00e9s\u00e9t\u0151l. Ez heves, ugyanakkor sz\u00ednvonalas jogi vit\u00e1t eredm\u00e9nyez a t\u00e1rgyal\u00f3teremben a h\u00e1bor\u00fas bizony\u00edt\u00e9kok legitim\u00e1ci\u00f3j\u00e1r\u00f3l. A v\u00e9d\u0151 szerint ennek az \u00faj probl\u00e9m\u00e1nak az eld\u00f6nt\u00e9s\u00e9hez meg kell vizsg\u00e1lni egyr\u00e9szt a hatalmi \u00e1gak sz\u00e9tv\u00e1laszt\u00e1s\u00e1nak, m\u00e1sr\u00e9szt a tisztess\u00e9ges perhez val\u00f3 jognak az elvi rendszer\u00e9t.&nbsp;<\/p>\n\n\n\n<p>\u201eA h\u00e1bor\u00fas bizony\u00edt\u00e9k minden tekintetben probl\u00e9m\u00e1s \u2013 \u00e9rvel a v\u00e9d\u0151 \u2013, mivel az a bizony\u00edt\u00e9kok ipari szint\u0171 begy\u0171jt\u00e9s\u00e9nek rendszer\u00e9re t\u00e1maszkodik, a jog keretein k\u00edv\u00fcl. A bizony\u00edt\u00e9kokat nem rend\u0151rtisztek, hanem katon\u00e1k szerezt\u00e9k be, h\u00e1bor\u00fas hadsz\u00ednt\u00e9ren. R\u00e1ad\u00e1sul jobb\u00e1ra nem els\u0151 k\u00e9zb\u0151l jutottak hozz\u00e1 azokhoz, hanem t\u00f6bbsz\u00f6ri ad\u00e1sv\u00e9tel ut\u00e1n.&nbsp; Az esk\u00fcdteknek viszont \u00fagy mutatja be a v\u00e1d, mint m\u00e1s b\u0171n\u00fcgyi bizony\u00edt\u00e9kot, pedig ezeket nem ellen\u0151rizt\u00e9k, \u00e9s a b\u00fcntet\u0151jogi szab\u00e1ly megs\u00e9rt\u00e9s\u00e9vel jutottak hozz\u00e1juk. Elfogadhat\u00f3-e, hogy ezent\u00fal katon\u00e1k szerezz\u00e9k be a b\u0171ntettek bizony\u00edt\u00e9kait? Nem. A jog\u00e1llam \u00fagy remeg, mint a tektonikus lemezek, \u00e9s v\u00e9g\u00fcl f\u00f6ldreng\u00e9s lesz bel\u0151le.\u201d<\/p>\n\n\n\n<p>A terrorelh\u00e1r\u00edt\u00e1si \u00fcgy\u00e9szs\u00e9g szerint azonban, ha eltekint\u00fcnk ezekt\u0151l a bizony\u00edt\u00e9kokt\u00f3l, az olyan, mintha a hadsz\u00edntereket a b\u00fcntetlens\u00e9g jogmentes \u00f6vezeteik\u00e9nt kezeln\u00e9nk. \u201eSenki nem tagadja, hogy ezeket a rendk\u00edv\u00fcli bizony\u00edt\u00e9kokat rendk\u00edv\u00fcli k\u00f6r\u00fclm\u00e9nyek k\u00f6z\u00f6tt szerezt\u00e9k be, s a katon\u00e1k nem a b\u0171n\u00fcgyi rend\u0151rs\u00e9g tisztjei\u201d \u2013 hangs\u00falyozza a v\u00e1d, utalva a \u201ebizony\u00edt\u00e9k szabads\u00e1g\u00e1nak\u201d elv\u00e9re.&nbsp;<\/p>\n\n\n\n<p>A k\u00e9rd\u00e9shez a v\u00e1dlottak szinte valamennyi v\u00e9d\u0151je hozz\u00e1sz\u00f3l, majd a h\u00e1rom \u00f3r\u00e1n tart\u00f3 vita ut\u00e1n az esk\u00fcdtsz\u00e9k a v\u00e1d jav\u00e1ra d\u00f6nt, kijelentve: \u201eEzeket a bizony\u00edt\u00e9kokat meg kell vitatni, el\u0151zetes \u00e9rt\u00e9k\u00edt\u00e9let n\u00e9lk\u00fcl.\u201d&nbsp;<\/p>\n\n\n\n<p>Az esk\u00fcdtsz\u00e9knek mostant\u00f3l a pakiszt\u00e1ni mer\u00e9nyl\u0151 hi\u00e1nyos eml\u00e9kezet\u00e9t \u00e9s nehezen k\u00f6vethet\u0151 vallom\u00e1s\u00e1t kell \u00f6sszhangba hoznia a mindenn\u00e9l t\u00f6bbet mond\u00f3, egy\u00e9rtelm\u0171 felv\u00e9tellel.&nbsp;&nbsp;<\/p>\n","protected":false},"excerpt":{"rendered":"<p>A v\u00e1dlottak k\u00f6z\u00fcl a pakiszt\u00e1ni Muhammad Usmanr\u00f3l lehet a legkevesebbet tudni.&nbsp; Meghallgat\u00e1sa precedens \u00e9rt\u00e9k\u0171 vit\u00e1t gerjeszt az \u00fcgy\u00e9sz \u00e9s a v\u00e9delem k\u00f6z\u00f6tt a h\u00e1bor\u00fas bizony\u00edt\u00e9koknak egy jog\u00e1llamban meg\u00edt\u00e9lhet\u0151 legitimit\u00e1s\u00e1r\u00f3l.&nbsp; A hom\u00e1lyos tekintet\u0171, kopasz f\u00e9rfi nem tud semmit, nem eml\u00e9kszik semmire. M\u00e9g a sz\u00fclet\u00e9si d\u00e1tuma sem egy\u00e9rtelm\u0171, mivel a pakiszt\u00e1ni hat\u00f3s\u00e1gok m\u00e1s id\u0151pontot jel\u00f6ltek meg, mint&#8230;<\/p>\n","protected":false},"author":1,"featured_media":0,"comment_status":"closed","ping_status":"open","sticky":false,"template":"","format":"standard","meta":{"om_disable_all_campaigns":false,"_monsterinsights_skip_tracking":false,"_monsterinsights_sitenote_active":false,"_monsterinsights_sitenote_note":"","_monsterinsights_sitenote_category":0,"spay_email":"","footnotes":""},"categories":[1],"tags":[159,161,18,139],"class_list":["post-692","post","type-post","status-publish","format-standard","hentry","category-uncategorized","tag-ausztria","tag-falludzsa","tag-iszlam-allam","tag-muhammad-usman"],"jetpack_featured_media_url":"","_links":{"self":[{"href":"https:\/\/vilaghir.com\/index.php\/wp-json\/wp\/v2\/posts\/692","targetHints":{"allow":["GET"]}}],"collection":[{"href":"https:\/\/vilaghir.com\/index.php\/wp-json\/wp\/v2\/posts"}],"about":[{"href":"https:\/\/vilaghir.com\/index.php\/wp-json\/wp\/v2\/types\/post"}],"author":[{"embeddable":true,"href":"https:\/\/vilaghir.com\/index.php\/wp-json\/wp\/v2\/users\/1"}],"replies":[{"embeddable":true,"href":"https:\/\/vilaghir.com\/index.php\/wp-json\/wp\/v2\/comments?post=692"}],"version-history":[{"count":1,"href":"https:\/\/vilaghir.com\/index.php\/wp-json\/wp\/v2\/posts\/692\/revisions"}],"predecessor-version":[{"id":695,"href":"https:\/\/vilaghir.com\/index.php\/wp-json\/wp\/v2\/posts\/692\/revisions\/695"}],"wp:attachment":[{"href":"https:\/\/vilaghir.com\/index.php\/wp-json\/wp\/v2\/media?parent=692"}],"wp:term":[{"taxonomy":"category","embeddable":true,"href":"https:\/\/vilaghir.com\/index.php\/wp-json\/wp\/v2\/categories?post=692"},{"taxonomy":"post_tag","embeddable":true,"href":"https:\/\/vilaghir.com\/index.php\/wp-json\/wp\/v2\/tags?post=692"}],"curies":[{"name":"wp","href":"https:\/\/api.w.org\/{rel}","templated":true}]}}