{"id":640,"date":"2021-12-20T15:36:24","date_gmt":"2021-12-20T13:36:24","guid":{"rendered":"https:\/\/vilaghir.com\/?p=640"},"modified":"2021-12-20T15:36:26","modified_gmt":"2021-12-20T13:36:26","slug":"abaaoud-occse-tagadasban","status":"publish","type":"post","link":"https:\/\/vilaghir.com\/index.php\/2021\/12\/20\/abaaoud-occse-tagadasban\/","title":{"rendered":"Abaaoud \u00f6ccse tagad\u00e1sban"},"content":{"rendered":"\n<p>A terrorkommand\u00f3 vezet\u0151j\u00e9nek, Abdelhamid Abaaoudnak az \u00f6ccse az els\u0151 a terrorist\u00e1k csal\u00e1dtagjai k\u00f6z\u00fcl, akit meghallgat az esk\u00fcdtsz\u00e9k. A t\u00e1rgyal\u00f3terem k\u00f6z\u00f6ns\u00e9ge d\u00f6bbenten hallgatja, amint Yassine Abaaoud k\u00e9ts\u00e9gbe vonja b\u00e1tyja felel\u0151ss\u00e9g\u00e9t a mer\u00e9nyletsorozatban, \u00e9s m\u00e9g a hal\u00e1l\u00e1ban is k\u00e9telkedik.&nbsp;<\/p>\n\n\n\n<p>Kapucnis feh\u00e9r pul\u00f3vert \u00e9s fekete maszkot visel\u0151, s\u00f6t\u00e9t haj\u00fa fiatalember jelenik meg a k\u00e9perny\u0151n. Nagy U alak\u00fa asztal m\u00f6g\u00f6tt \u00fcl a belga \u00fcgy\u00e9szs\u00e9g br\u00fcsszeli sz\u00e9khely\u00e9n, ugyanott, ahonnan a belga nyomoz\u00f3k jelentkeztek be vide\u00f3konferenci\u00e1n az elm\u00falt k\u00e9t h\u00e9tben.<\/p>\n\n\n\n<div class=\"wp-block-image\"><figure class=\"aligncenter size-full is-resized\"><img loading=\"lazy\" decoding=\"async\" src=\"https:\/\/vilaghir.com\/wp-content\/uploads\/2021\/12\/Yassine-Abaaoud-2.webp\" alt=\"\" class=\"wp-image-641\" width=\"504\" height=\"336\" srcset=\"https:\/\/vilaghir.com\/wp-content\/uploads\/2021\/12\/Yassine-Abaaoud-2.webp 729w, https:\/\/vilaghir.com\/wp-content\/uploads\/2021\/12\/Yassine-Abaaoud-2-300x200.webp 300w\" sizes=\"auto, (max-width: 504px) 100vw, 504px\" \/><\/figure><\/div>\n\n\n\n<p>Az \u00f6sszetett karokkal asztalra g\u00f6rnyed\u0151 f\u00e9rfi \u201en\u0151tlen di\u00e1kk\u00e9nt\u201d mutatkozik be. 26 \u00e9ves, h\u00e1rom fi\u00fatestv\u00e9r k\u00f6z\u00fcl \u0151 a k\u00f6z\u00e9ps\u0151, az egyetlen, aki m\u00e9g \u00e9letben van. B\u00e1tyj\u00e1t, Abdelhamidot a terrort\u00e1mad\u00e1sok ut\u00e1n h\u00e1rom nappal a p\u00e1rizsi elitalakulatok meg\u00f6lt\u00e9k a P\u00e1rizshoz k\u00f6zeli Saint-Denis egyik lak\u00e1s\u00e1ban, ahol egy m\u00e1sik mer\u00e9nyl\u0151vel bujk\u00e1lt, a legfiatalabb Abaaoud, Younes pedig 13 \u00e9ves volt, amikor a b\u00e1tyja elrabolta egy br\u00fcsszeli iskol\u00e1b\u00f3l, \u00e9s elvitte mag\u00e1val dzsihadista harcosnak. N\u00e9gy \u00e9vvel k\u00e9s\u0151bb meghalt az iszlamista harcokban Sz\u00edri\u00e1ban.&nbsp;<\/p>\n\n\n\n<p>A k\u00f6z\u00e9ps\u0151 testv\u00e9r, Yassine saj\u00e1t trag\u00e9di\u00e1ja ellentmond\u00e1saival k\u00fcszk\u00f6dik, s \u00e9rz\u00e9kelhet\u0151en nincs sok kedve vallom\u00e1st tenni. A t\u00fal\u00e9l\u0151k ind\u00edtv\u00e1ny\u00e1ra id\u00e9zte be az esk\u00fcdtsz\u00e9k, hogy megtudjanak r\u00e9szleteket arr\u00f3l, hogyan lett a b\u00e1tyj\u00e1b\u00f3l h\u00edrhedten kegyetlen terrorista. Egy \u00f3r\u00e1n \u00e1t tart\u00f3 meghallgat\u00e1s\u00e1b\u00f3l nem der\u00fcl ki semmi, Yassine a tagad\u00e1s, a f\u00e9lelem, a gyanakv\u00e1s, egy kicsit tal\u00e1n a sz\u00e9gyen\u00e9rzet \u00e9s a gy\u00e1sz h\u00e1l\u00f3j\u00e1ban verg\u0151dik.&nbsp;&nbsp;<\/p>\n\n\n\n<p>Spont\u00e1n nyilatkozattal kezdi: \u201eSajn\u00e1lok minden \u00e1ldozatot \u00e9s \u00e1rtatlanul meg\u00f6lt embert a vil\u00e1gon minden\u00fctt\u201d \u2013 fogalmaz, de nem t\u00e9r ki k\u00fcl\u00f6n a p\u00e1rizsi mer\u00e9nyletek \u00e9rintettjeire. \u2013 Ami a t\u00e9nyeket illeti, nincs semmilyen inform\u00e1ci\u00f3m, nem tudom, miben lehetn\u00e9k haszn\u00e1ra ennek a pernek. Nem tudok mit mondani\u201d.&nbsp;&nbsp;<\/p>\n\n\n\n<p>Az esk\u00fcdtsz\u00e9k eln\u00f6ke megk\u00e9rdezi, hogy ismeri-e valamelyik v\u00e1dlottat. A rend\u0151rs\u00e9gnek tett vallom\u00e1s\u00e1ban Yassine Abaaoud kor\u00e1bban azt \u00e1ll\u00edtotta, hogy van, akit ismer a b\u00e1tyja gyerekkori bar\u00e1tai k\u00f6z\u00fcl, most azonban mindenkit meglep a v\u00e1lasz\u00e1val: \u201eA b\u00e1ty\u00e1mon k\u00edv\u00fcl nem ismerek senkit. A csal\u00e1dban m\u00e9g Abdelhamidot illet\u0151en is k\u00e9telked\u00fcnk. Nem l\u00e1ttuk a holttest\u00e9t, s\u0151t, vannak, akik szerint \u00e9letben van, \u00e9s nem \u0151 k\u00f6vette el ezeket a mer\u00e9nyleteket\u201d.<\/p>\n\n\n\n<p>A teremben t\u00f6bben felszisszennek, az esk\u00fcdtsz\u00e9k eln\u00f6ke homlok\u00e1t r\u00e1ncolja. \u201eVannak bizony\u00edt\u00e9kok \u2013 mondja a b\u00edr\u00f3. \u2013 Az, hogy 2015. november 18-\u00e1n meghalt, t\u00e9ny. Sz\u00f3val, mi\u00e9rt tette ezt? Nem \u00f6n ellen hozunk \u00edt\u00e9letet, csak meg akarjuk \u00e9rteni a b\u00e1tyja t\u00f6rt\u00e9net\u00e9t.\u201d<\/p>\n\n\n\n<p>\u201eNem tudok \u00f6nnek v\u00e1laszolni \u2013 feleli Yassine Abaaoud \u2013, nem l\u00e1ttam bele a fej\u00e9be. Zavaros id\u0151szak volt, a geopolitikai helyzet katasztrof\u00e1lis volt. T\u00f6rt\u00e9nt, ami t\u00f6rt\u00e9nt.&nbsp; Rem\u00e9lem, t\u00f6bb\u00e9 ilyen nem fordul el\u0151. De abban nem vagyok biztos, hogy t\u00e9nyleg a testv\u00e9rem tette ezt.\u201d &nbsp;<\/p>\n\n\n\n<p>\u201eNem k\u00e9ts\u00e9ges, hogy a b\u00e1tyja r\u00e9szt vett a mer\u00e9nyletekben \u2013 jav\u00edtja ki ism\u00e9t a b\u00edr\u00f3 \u2013, ez t\u00e9ny, be van bizony\u00edtva.<\/p>\n\n\n\n<p>Yassine Abaaoud azt \u00e1ll\u00edtja, hogy fogalma se volt arr\u00f3l, hogy a b\u00e1tyja radikaliz\u00e1l\u00f3dott, \u00e9s hogy mer\u00e9nyleteket tervez. Pedig \u0151t mag\u00e1t 2014. janu\u00e1rban el\u00edt\u00e9lt\u00e9k Marokk\u00f3ban terrorizmus dics\u0151\u00edt\u00e9se miatt, miut\u00e1n a b\u00e1tyja az elrabolt \u00f6ccs\u00e9vel elutazott Sz\u00edri\u00e1ba. &nbsp;<\/p>\n\n\n\n<p>\u201e16 \u00e9ves voltam, amikor a b\u00e1ty\u00e1m elk\u00f6lt\u00f6z\u00f6tt otthonr\u00f3l, nem tudtam, mit csin\u00e1l, kikkel j\u00e1r \u00f6ssze\u201d \u2013 hangs\u00falyozza. Azt \u00e1ll\u00edtja, 2015 janu\u00e1rj\u00e1ban besz\u00e9lt a b\u00e1tyj\u00e1val utolj\u00e1ra telefonon, amikor az Ath\u00e9nb\u00f3l felh\u00edvta, \u00e9s azt mondta a Charlie Hebdo elleni mer\u00e9nylet kapcs\u00e1n, hogy \u201eez m\u00e9g csak a kezdet volt\u201d. &nbsp;Yassine saj\u00e1t \u00e1ll\u00edt\u00e1sa szerint ekkor sz\u00f3 n\u00e9lk\u00fcl letette a telefont.<\/p>\n\n\n\n<div class=\"wp-block-columns is-layout-flex wp-container-core-columns-is-layout-9d6595d7 wp-block-columns-is-layout-flex\">\n<div class=\"wp-block-column is-layout-flow wp-block-column-is-layout-flow\">\n<p>A b\u00edr\u00f3 r\u00e1t\u00e9r a m\u00e1sik testv\u00e9r t\u00f6rt\u00e9net\u00e9re. \u201e\u00dagy tudjuk, az \u00f6ccse, Younes is meghalt. \u00d6n szerint Sz\u00edri\u00e1ban?\u201d  \u201eNem tudom\u201d \u2013 v\u00e1laszolja a tan\u00fa.&nbsp; \u201e\u00d6nt nem \u00e9rtes\u00edtett\u00e9k?\u201d \u2013 k\u00e9rdezi a b\u00edr\u00f3. \u201eNem\u201d \u2013 v\u00e1laszolja. \u201eH\u00e1t j\u00f3, akkor nekem nincs t\u00f6bb k\u00e9rd\u00e9sem\u201d \u2013 mondja Jean-Louis P\u00e9ri\u00e8s.&nbsp;&nbsp; <\/p>\n<\/div>\n\n\n\n<div class=\"wp-block-column is-layout-flow wp-block-column-is-layout-flow\">\n<figure class=\"wp-block-image size-full\"><img loading=\"lazy\" decoding=\"async\" width=\"660\" height=\"370\" src=\"https:\/\/vilaghir.com\/wp-content\/uploads\/2021\/12\/Younes_Abaaoud.jpg\" alt=\"\" class=\"wp-image-644\" srcset=\"https:\/\/vilaghir.com\/wp-content\/uploads\/2021\/12\/Younes_Abaaoud.jpg 660w, https:\/\/vilaghir.com\/wp-content\/uploads\/2021\/12\/Younes_Abaaoud-300x168.jpg 300w\" sizes=\"auto, (max-width: 660px) 100vw, 660px\" \/><figcaption><em>Younes Abaaoud<\/em><\/figcaption><\/figure>\n<\/div>\n<\/div>\n\n\n\n<p>K\u00e9t esk\u00fcdt \u00e9s a hozz\u00e1tartoz\u00f3k t\u00f6bb \u00fcgyv\u00e9dje is megpr\u00f3b\u00e1lja sz\u00f3ra b\u00edrni a tan\u00fat, aki, kor\u00e1bbi vallom\u00e1sainak ellentmondva, folyamatosan tagadja, hogy b\u00e1rmit is tudna, \u00e9s hogy a testv\u00e9rei dzsih\u00e1dist\u00e1k voltak. Azt is vitatja, hogy a b\u00e1tyja t\u00f6bbsz\u00f6r is k\u00e9rte, hogy menjen ut\u00e1na Sz\u00edri\u00e1ba, \u00e9s hogy kapcsolatban \u00e1llt a gyan\u00fas\u00edtottakkal vagy seg\u00edtette \u0151ket b\u00e1rmiben. Bizony\u00edt\u00e9k nincs ellene, \u00edgy Yassine Abaaoud nem is v\u00e1dlott a perben.<\/p>\n\n\n\n<p>Egy \u00fcgyv\u00e9dnek, Fr\u00e9d\u00e9rique Giffard-nak v\u00e9g\u00fcl m\u00e9gis siker\u00fcl t\u00e9nyszer\u0171 v\u00e1laszokat kicsikarnia bel\u0151le, amikor \u00e9rzelmi dolgokr\u00f3l faggatja. \u201eAz \u00f6n sz\u00fclei k\u00e9t fiukat elvesztett\u00e9k. Tal\u00e1n nem hisznek egyik\u00fck hal\u00e1l\u00e1ban sem, de biztos vagyok benne, hogy ez az eg\u00e9sz az\u00e9rt megr\u00e1zta \u0151ket.\u201d \u2013 mondja.<\/p>\n\n\n\n<p>\u201eErr\u0151l ink\u00e1bb nem besz\u00e9lek\u201d \u2013 v\u00e1laszolja a tan\u00fa. \u201eDe azt ugye meg\u00e9rti, hogy itt a teremben a felperesek szeretn\u00e9k meg\u00e9rteni?\u201d \u2013 er\u0151sk\u00f6dik az \u00fcgyv\u00e9d. \u201eRendben, de csak miattuk: a csal\u00e1dom \u00f6sszet\u00f6rt. M\u00e9g mindig azt rem\u00e9lj\u00fck, hogy az \u00f6cs\u00e9m hazat\u00e9r. Egyszer\u0171 keresked\u0151k voltunk \u00e9s most minden megv\u00e1ltozott\u201d \u2013 mondja Yassine. \u201eA csal\u00e1dja elgondolkodott azon, amit a b\u00e1tyja tett?\u201d \u2013 folytatja az \u00fcgyv\u00e9d. \u201eEls\u0151sorban az \u00f6cs\u00e9m hal\u00e1la okozott nek\u00fcnk f\u00e1jdalmat, hiszen \u0151 nem volt felel\u0151s, nem tudta, hova megy\u201d \u2013 mondja, m\u00e1r zokogva. \u2013 Megism\u00e9telni a k\u00e9rd\u00e9st, k\u00e9rem?\u201d \u2013 teszi hozz\u00e1. \u201eCsak azt szeretn\u00e9k tudni, hogy elgondolkodtak-e azon, amit a b\u00e1tyja tett\u201d \u2013 ism\u00e9tli meg az \u00fcgyv\u00e9d. \u201eMindannyian rendes nevel\u00e9st kaptunk, pontosan tudjuk, mi helyes \u00e9s mi nem. A helyzet kics\u00faszott mindannyiunk kez\u00e9b\u0151l\u201d \u2013 mondja Abaaoud. \u201eDe besz\u00e9ltek err\u0151l maguk k\u00f6z\u00f6tt, hogy megpr\u00f3b\u00e1lj\u00e1k m\u00e9gis meg\u00e9rteni?\u201d \u201eBesz\u00e9l\u00fcnk r\u00f3la, de bizonyos szempontb\u00f3l tabu maradt. F\u00e9l\u00fcnk, hogy el\u0151t\u00f6rnek az \u00e9rzelmek, ez\u00e9rt ink\u00e1bb mindenki mag\u00e1ban tartja a dolgokat\u201d.&nbsp;<\/p>\n","protected":false},"excerpt":{"rendered":"<p>A terrorkommand\u00f3 vezet\u0151j\u00e9nek, Abdelhamid Abaaoudnak az \u00f6ccse az els\u0151 a terrorist\u00e1k csal\u00e1dtagjai k\u00f6z\u00fcl, akit meghallgat az esk\u00fcdtsz\u00e9k. A t\u00e1rgyal\u00f3terem k\u00f6z\u00f6ns\u00e9ge d\u00f6bbenten hallgatja, amint Yassine Abaaoud k\u00e9ts\u00e9gbe vonja b\u00e1tyja felel\u0151ss\u00e9g\u00e9t a mer\u00e9nyletsorozatban, \u00e9s m\u00e9g a hal\u00e1l\u00e1ban is k\u00e9telkedik.&nbsp; Kapucnis feh\u00e9r pul\u00f3vert \u00e9s fekete maszkot visel\u0151, s\u00f6t\u00e9t haj\u00fa fiatalember jelenik meg a k\u00e9perny\u0151n. Nagy U alak\u00fa asztal&#8230;<\/p>\n","protected":false},"author":1,"featured_media":0,"comment_status":"closed","ping_status":"open","sticky":false,"template":"","format":"standard","meta":{"om_disable_all_campaigns":false,"_monsterinsights_skip_tracking":false,"_monsterinsights_sitenote_active":false,"_monsterinsights_sitenote_note":"","_monsterinsights_sitenote_category":0,"spay_email":"","footnotes":""},"categories":[1],"tags":[29,20,33,35,7],"class_list":["post-640","post","type-post","status-publish","format-standard","hentry","category-uncategorized","tag-abaaoud","tag-brusszel","tag-dzsihadistak","tag-eskudtszek","tag-per"],"jetpack_featured_media_url":"","_links":{"self":[{"href":"https:\/\/vilaghir.com\/index.php\/wp-json\/wp\/v2\/posts\/640","targetHints":{"allow":["GET"]}}],"collection":[{"href":"https:\/\/vilaghir.com\/index.php\/wp-json\/wp\/v2\/posts"}],"about":[{"href":"https:\/\/vilaghir.com\/index.php\/wp-json\/wp\/v2\/types\/post"}],"author":[{"embeddable":true,"href":"https:\/\/vilaghir.com\/index.php\/wp-json\/wp\/v2\/users\/1"}],"replies":[{"embeddable":true,"href":"https:\/\/vilaghir.com\/index.php\/wp-json\/wp\/v2\/comments?post=640"}],"version-history":[{"count":2,"href":"https:\/\/vilaghir.com\/index.php\/wp-json\/wp\/v2\/posts\/640\/revisions"}],"predecessor-version":[{"id":646,"href":"https:\/\/vilaghir.com\/index.php\/wp-json\/wp\/v2\/posts\/640\/revisions\/646"}],"wp:attachment":[{"href":"https:\/\/vilaghir.com\/index.php\/wp-json\/wp\/v2\/media?parent=640"}],"wp:term":[{"taxonomy":"category","embeddable":true,"href":"https:\/\/vilaghir.com\/index.php\/wp-json\/wp\/v2\/categories?post=640"},{"taxonomy":"post_tag","embeddable":true,"href":"https:\/\/vilaghir.com\/index.php\/wp-json\/wp\/v2\/tags?post=640"}],"curies":[{"name":"wp","href":"https:\/\/api.w.org\/{rel}","templated":true}]}}