{"id":373,"date":"2021-09-22T01:59:39","date_gmt":"2021-09-21T23:59:39","guid":{"rendered":"https:\/\/vilaghir.com\/?p=373"},"modified":"2021-09-23T16:34:51","modified_gmt":"2021-09-23T14:34:51","slug":"a-teraszkommando-kegyetlensege","status":"publish","type":"post","link":"https:\/\/vilaghir.com\/index.php\/2021\/09\/22\/a-teraszkommando-kegyetlensege\/","title":{"rendered":"A teraszkommand\u00f3 kegyetlens\u00e9ge"},"content":{"rendered":"\n<p>A per harmadik hete a k\u00e9t utols\u00f3 k\u00e1v\u00e9h\u00e1zi t\u00e1mad\u00e1s helysz\u00ednel\u00e9s\u00e9nek ismertet\u00e9s\u00e9vel kezd\u0151dik. A legt\u00f6bb \u00e1ldozatot a <em>La Belle \u00c9quipe<\/em> terasz\u00e1n szedte az \u00fagynevezett teraszkommand\u00f3: az alig k\u00e9t percig tart\u00f3 l\u00f6v\u00f6ld\u00f6z\u00e9sben 21-en haltak meg \u00e9s ugyanennyien megsebes\u00fcltek.\u00a0 N\u00e9h\u00e1ny perccel k\u00e9s\u0151bb a terrorcsoport h\u00e1rom tagja k\u00f6z\u00fcl a f\u0151v\u00e1dlott b\u00e1tyja, <em>Brahim Abdeslam<\/em>, a <em>Le Comptoir Voltaire<\/em> pultj\u00e1n\u00e1l robbantotta fel mag\u00e1t, de ott csak \u0151 halt meg, 11 ember pedig megs\u00e9r\u00fclt. Az \u00f6ngyilkos mer\u00e9nyletr\u0151l felv\u00e9tel is k\u00e9sz\u00fclt, amelyet levet\u00edtenek a t\u00e1rgyal\u00f3teremben.<\/p>\n\n\n\n<p>Az els\u0151 helysz\u00ednen a RIO 1039672 jelz\u00e9st visel\u0151, a m\u00e1sodikon a RIO 1206362-es nyomoz\u00f3 helysz\u00ednelt. Egyik\u00fcket <em>Versailles<\/em>-b\u00f3l, koll\u00e9g\u00e1j\u00e1t <em>Lille<\/em>-b\u0151l h\u00edvt\u00e1k seg\u00edts\u00e9g\u00fcl P\u00e1rizsba 2015. november 13-\u00e1n este, miut\u00e1n a f\u0151v\u00e1rosi b\u0171n\u00fcgyi rend\u0151rs\u00e9gnek nem volt el\u00e9g helysz\u00ednel\u0151je az \u00f6sszehangolt t\u00e1mad\u00e1ssorozat bizony\u00edt\u00e9kainak r\u00f6gz\u00edt\u00e9s\u00e9hez. Mindketten n\u00e9vtelen\u00fcl tesznek tan\u00favallom\u00e1st.<\/p>\n\n\n\n<p>A fekete \u00f6lt\u00f6nyt \u00e9s feh\u00e9r inget, hozz\u00e1 fekete nyakkend\u0151t visel\u0151, alig harminc \u00e9vesnek l\u00e1tsz\u00f3 szak\u00e1llas, v\u00e9kony, sz\u0151ke, nyomoz\u00f3 elmondja, hogy amint \u00e9rtes\u00fclt a p\u00e1rizsi terrort\u00e1mad\u00e1sokr\u00f3l, azonnal szolg\u00e1latra jelentkezett, este 11-kor a p\u00e1rizsi f\u0151\u00fcgy\u00e9sz m\u00e1r a La Belle \u00c9quipe-hez k\u00fcldte.&nbsp; \u201eKonvojban megy\u00fcnk, g\u00e9pkocsival \u2013 eml\u00e9kszik vissza. \u2013 P\u00e1rizsban m\u00e1r nyomaszt\u00f3 hangulat fogad, a k\u00f6zleked\u00e9s le\u00e1llt a v\u00e1rosban, semmi zaj, csak a ment\u0151k szir\u00e9n\u00e1it hallani.\u201d 17 versailles-i koll\u00e9g\u00e1j\u00e1val valamint 14 tudom\u00e1nyos \u00e9s technikai szak\u00e9rt\u0151vel \u00e9rkezett a helysz\u00ednre.&nbsp; \u201eA teraszon 13 \u00e1ldozatot tal\u00e1lunk letakarva. A <em>Le Petit Ba\u00efona<\/em> \u00e9tteremben a ment\u0151s\u00f6k orvosi ell\u00e1t\u00f3helyet alak\u00edtottak ki, hat embert nem tudtak m\u00e1r \u00fajra\u00e9leszteni\u201d .<\/p>\n\n\n\n<div class=\"wp-block-image\"><figure class=\"aligncenter size-large is-resized\"><img loading=\"lazy\" decoding=\"async\" src=\"http:\/\/vilaghir.com\/wp-content\/uploads\/2021\/09\/Bataclan-dessin-1-1024x716.jpg\" alt=\"\" class=\"wp-image-374\" width=\"556\" height=\"389\" srcset=\"https:\/\/vilaghir.com\/wp-content\/uploads\/2021\/09\/Bataclan-dessin-1-1024x716.jpg 1024w, https:\/\/vilaghir.com\/wp-content\/uploads\/2021\/09\/Bataclan-dessin-1-300x210.jpg 300w, https:\/\/vilaghir.com\/wp-content\/uploads\/2021\/09\/Bataclan-dessin-1-768x537.jpg 768w, https:\/\/vilaghir.com\/wp-content\/uploads\/2021\/09\/Bataclan-dessin-1-850x594.jpg 850w, https:\/\/vilaghir.com\/wp-content\/uploads\/2021\/09\/Bataclan-dessin-1.jpg 1200w\" sizes=\"auto, (max-width: 556px) 100vw, 556px\" \/><\/figure><\/div>\n\n\n\n<p>A nyomoz\u00f3 egy 28 m\u00e1sodperces felv\u00e9telt mutat be, amelyet a k\u00e1v\u00e9h\u00e1z m\u00f6g\u00f6tti \u00e9p\u00fclet egyik erk\u00e9ly\u00e9r\u0151l r\u00f6gz\u00edtett mobiltelefonj\u00e1val egy lak\u00f3. K\u00e9t, s\u00f6t\u00e9t ruh\u00e1t visel\u0151 fegyveres f\u00e9rfi sz\u00e1ll ki egy fekete Seat t\u00edpus\u00fa g\u00e9pkocsib\u00f3l, \u00e9s a k\u00e1v\u00e9h\u00e1z terasza el\u00e9 fut. Sorozatl\u00f6v\u00e9sek d\u00f6rd\u00fclnek, de a helysz\u00ednt nem l\u00e1tjuk. Egy-egy sorozat k\u00f6z\u00f6tt hallani az emberek riadt ki\u00e1lt\u00e1sait az \u00e9p\u00fclet m\u00f6g\u00fcl. Az egyik terrorista egy arra halad\u00f3 g\u00e9pkocsira l\u0151, de nem tal\u00e1lja el. A terrorkommand\u00f3 vezet\u0151je, a narancssz\u00edn\u0171 sportcip\u0151j\u00e9r\u0151l j\u00f3l felismerhet\u0151 <em>Abdelhamid Abaaoud <\/em>visszamegy az aut\u00f3hoz, \u00e9s be\u00fcl a vol\u00e1nhoz, majd&nbsp; Brahim Abdeslam k\u00f6veti az any\u00f3s\u00fcl\u00e9sre.&nbsp; A harmadik dzsihadist\u00e1t, <em>Chakib Akrouh<\/em>ot nem l\u00e1tjuk, de halljuk, hogy a mer\u00e9nyletsorozat legv\u00e9g\u00e9n a hal\u00e1los csendben egy\u00fctt ki\u00e1ll\u00edtj\u00e1k:&nbsp; \u201eAllahou akbar!\u201d<\/p>\n\n\n\n<p>A helysz\u00ednen 165 t\u00f6lt\u00e9nyt tal\u00e1ltak, az egyik Kalasnyikovb\u00f3l 57, egy m\u00e1sikb\u00f3l 37, egy harmadikb\u00f3l 71 goly\u00f3t l\u0151ttek ki. Az egyik \u00e1ldozat csal\u00e1dja azt k\u00e9rdezi az \u00fcgyv\u00e9dje r\u00e9v\u00e9n, hogy melyik terrorista \u00f6lte meg a hozz\u00e1tartoz\u00f3jukat. RIO 1039672 sajn\u00e1lkozva mondja, hogy erre nem tud v\u00e1laszolni. Elmes\u00e9li viszont, hogy n\u00e9h\u00e1ny perccel a l\u00f6v\u00f6ld\u00f6z\u00e9s el\u0151tt a terrorist\u00e1k egy piros l\u00e1mp\u00e1n\u00e1l meg\u00e1lltak a g\u00e9pkocsijukkal, s egyik\u00fck kiki\u00e1ltott ablakon k\u00e9t j\u00e1r\u00f3kel\u0151re: \u201eMa este az Iszl\u00e1m \u00c1llam elv\u00e1gja a torkotokat!\u201d Amikor a k\u00e9t orvostanhallgat\u00f3 l\u00e1that\u00f3an nem vette \u0151t komolyan, hozz\u00e1tette: \u201eNem viccelek!\u201d<\/p>\n\n\n\n<p>A nyomoz\u00f3 fot\u00f3kat vet\u00edt, amelyeken az \u00e1ldozatok ruhadarabokkal \u00e9s sz\u00ednes ter\u00edt\u0151kkel letakart holttestei l\u00e1that\u00f3k a j\u00e1rd\u00e1n. Majd egy rajzot l\u00e1tunk, amelyen apr\u00f3 sz\u00ednes sziluettek jelzik az egym\u00e1s hegy\u00e9n-h\u00e1t\u00e1n hever\u0151 holttesteket. A rend\u0151r egyes\u00e9vel elmondja mindegyik\u00fck nev\u00e9t, kor\u00e1t, \u00e9s azt, hogy pontosan hol \u00e9rte \u0151ket a l\u00f6v\u00e9s.&nbsp; A rajzokon kivehet\u0151, hogy t\u00f6bben egym\u00e1st \u00e1t\u00f6lelve haltak meg.&nbsp; K\u00f6zt\u00fck k\u00e9t p\u00e1r: Marie-Aim\u00e9e Dalloz \u00e9s Thierry Hardouin, valamint Lamia Mondeguer \u00e9s Romain Didier. A felfordul\u00e1s kell\u0151s k\u00f6zep\u00e9n egy v\u00e1za \u00e1ll, benne hatalmas r\u00f3zsacsokor. A k\u00f6vetkez\u0151 fot\u00f3n azok holttest\u00e9t l\u00e1tjuk feh\u00e9r leped\u0151vel letakarva, akiket a szomsz\u00e9dos \u00e9tteremben nem tudtak megmenteni a ment\u0151s\u00f6k.&nbsp;<\/p>\n\n\n\n<p>\u201eA Belle \u00c9quipe-ben k\u00e9t sz\u00fclet\u00e9snapot \u00fcnnepeltek aznap este, a vend\u00e9gek t\u00f6bbs\u00e9ge ismerte egym\u00e1st, h\u00e9tv\u00e9gi bulihangulatban voltak\u201d \u2013 id\u00e9zi a nyomoz\u00f3 a meghallgatott t\u00fal\u00e9l\u0151ket \u00e9s tan\u00fakat.&nbsp; Az esk\u00fcdtsz\u00e9k eln\u00f6ke hozz\u00e1teszi, hogy k\u00e9t \u00e1ldozat k\u00e9s\u0151bb, a k\u00f3rh\u00e1zban halt bele s\u00e9r\u00fcl\u00e9seibe.<\/p>\n\n\n\n<p>A nyomoz\u00f3 m\u00e1r indulna, amikor Salah Abdeslam fel\u00e1ll, \u00e9s udvariasan sz\u00f3t k\u00e9r. \u201eJ\u00f3l hallanak? J\u00f3 napot k\u00edv\u00e1nok, mindenkinek. El\u0151sz\u00f6r is lenne egy komment\u00e1rom a nyomoz\u00f3k \u00e1ltal bemutatott felv\u00e9telekhez. Ha kiragadjuk azokat a kontextusukb\u00f3l, a l\u00e1tv\u00e1ny engem is felh\u00e1bor\u00edt. De, ha kontextusukban szeml\u00e9lj\u00fck, nem tudom el\u00edt\u00e9lni \u0151ket.\u201d Jean-Louis P\u00e9ri\u00e8s, az esk\u00fcdtsz\u00e9k eln\u00f6ke a legnagyobb nyugalommal reag\u00e1l: \u201eRendben. Van m\u00e9g valami?\u201d A f\u0151v\u00e1dlott folytatja: \u201eFranci\u00e1k, n\u00e9metek, belg\u00e1k, mindenf\u00e9le \u00e1llampolg\u00e1rs\u00e1g\u00fa emberek, egyesek k\u00f6z\u00fcl\u00fck muzulm\u00e1n vall\u00e1s\u00faak, Sz\u00edri\u00e1ba \u00e9s Irakba emigr\u00e1ltak az\u00e9rt, hogy m\u00e9lt\u00f3s\u00e1ggal gyakorolj\u00e1k a vall\u00e1sukat. \u00c9s Franciaorsz\u00e1g legyilkolta, meg\u00f6lte, lem\u00e9sz\u00e1rolta \u0151ket. Mik\u00f6zben Franciaorsz\u00e1g a halottjait sz\u00e1molja, mi m\u00e1r r\u00e9g nem is sz\u00e1moljuk \u0151ket. H\u00e1bor\u00fazhatunk egym\u00e1s ellen, ut\u00e1lhatjuk egym\u00e1st, de a p\u00e1rbesz\u00e9d lehet\u0151s\u00e9g\u00e9t mindig nyitva kell hagyni\u201d.<\/p>\n\n\n\n<p>A t\u00e1rgyal\u00f3teremben sokan k\u00ednjukban nevetni kezdenek, m\u00e1sok hangosan m\u00e9ltatlankodnak.<\/p>\n\n\n\n<p>\u201eVan n\u00e9mi provok\u00e1ci\u00f3 abban, amit mond\u201d \u2013 sz\u00f3lal meg az esk\u00fcdtsz\u00e9k eln\u00f6ke. \u201eNincsen\u201d \u2013 veti k\u00f6zbe a v\u00e1dlott. \u201eDe igen, Abdeslam \u00far. P\u00e1rbesz\u00e9det nem \u00fagy szok\u00e1s folytatni, hogy Kalasnyikovokkal l\u00f6v\u00fcnk \u00e9tteremben vagy koncertteremben sz\u00f3rakoz\u00f3 emberekre.\u201d A f\u0151v\u00e1dlottat azonban nem lehet kibillenteni gondolatmenet\u00e9b\u0151l: \u201eFranciaorsz\u00e1g \u00e1ldozatk\u00e9nt \u00e1ll\u00edtja be mag\u00e1t, mik\u00f6zben mindannyian tudjuk, hogy \u0151 t\u00e1madt els\u0151k\u00e9nt\u201d.&nbsp; Jean-Louis P\u00e9ri\u00e8s m\u00e1r emelt hangon v\u00e1laszol: \u201eNem a teraszokon kiv\u00e9gzett emberek voltak az agresszorok Sz\u00edri\u00e1ban. A t\u00e9m\u00e1t illet\u0151en lesznek majd szak\u00e9rt\u0151i tan\u00favallom\u00e1sok, most azonban haladjunk tov\u00e1bb!\u201d Abdeslam r\u00e1tesz m\u00e9g egy lap\u00e1ttal: \u201eCsak azt akarom mondani, hogy november 13-a elker\u00fclhet\u0151 lett volna\u201d. Az eln\u00f6k: \u201eEz provok\u00e1ci\u00f3\u201d.&nbsp; Abdeslam: \u201eNem az. Viszont el tudnak ker\u00fclni egy \u00fajabb november 13-\u00e1t. Ez\u00e9rt eml\u00edtettem a p\u00e1rbesz\u00e9det. Amikor a nyomoz\u00f3k el\u0151adj\u00e1k besz\u00e1mol\u00f3ikat, az olyan, mintha egy k\u00f6nyv utols\u00f3 lapjait olvasn\u00e1k. Ahhoz, hogy a k\u00f6nyvet meg\u00e9rts\u00e9k, az elej\u00e9n kell kezdeni\u201d. Az esk\u00fcdtsz\u00e9k eln\u00f6ke: \u201eEbb\u0151l el\u00e9g volt!\u201d&nbsp; De Abdeslamnak m\u00e9g van mondand\u00f3ja. \u201eEgy utols\u00f3 dologgal szeretn\u00e9m befejezni. Ezek a terrorist\u00e1k a testv\u00e9reim\u201d. Morajl\u00e1s a teremben. \u201eEzt pontosan tudjuk\u201d \u2013 mondja Jean-Louis P\u00e9ri\u00e8s, \u00e9s felf\u00fcggeszti a t\u00e1rgyal\u00e1st.<\/p>\n\n\n\n<p>R\u00f6vid sz\u00fcnet ut\u00e1n a mer\u00e9nyletek \u00f3ta nyugd\u00edjba vonult, lille-i, szem\u00fcveges, \u0151sz\u00fcl\u0151 nyomoz\u00f3 \u00e9rkezik az esk\u00fcdtsz\u00e9k el\u00e9. \u0150 vezette a helysz\u00ednel\u00e9st a Le Comptoir Voltaire k\u00e1v\u00e9z\u00f3ban, ahol Brahim Abdeslam felrobbantotta mag\u00e1t. Ism\u00e9t leereszkedik a v\u00e1szon az esk\u00fcdtsz\u00e9k m\u00f6g\u00f6tt. A b\u00e1r t\u00e9rfigyel\u0151 kamer\u00e1ja r\u00f6gz\u00edtette, ahogy 21 \u00f3ra 41 perckor a fekete b\u0151rdzsekit \u00e9s k\u00e9k nadr\u00e1got visel\u0151 terrorista bel\u00e9p, k\u00f6rben\u00e9z, f\u00e9lrel\u00f6k egy pinc\u00e9rn\u0151t, aki emiatt r\u00e1sz\u00f3l. Ekkor az id\u0151sebb Abdeslam visszafordul a pinc\u00e9rn\u0151 fel\u00e9, \u00e9s bal kez\u00e9t a dzsekije fel\u00e9 mozd\u00edtja. F\u00fcst \u00e1ramlik sz\u00e9t, Brahim Abdeslam a f\u00f6ld\u00f6n fekszik \u2013 sz\u00f6rnyethalt.&nbsp; P\u00e1nik t\u00f6r ki a k\u00e1v\u00e9h\u00e1zban, de a folytat\u00e1st nem l\u00e1thatjuk, a nyomoz\u00f3 mondja el, hogy egy nyugd\u00edjas orvos \u00e9s egy \u00e1pol\u00f3 is a k\u00f6zelben tart\u00f3zkodott. Mindketten azt hitt\u00e9k, hogy g\u00e1zrobban\u00e1s t\u00f6rt\u00e9nt, a f\u00f6ld\u00f6n fekv\u0151 terrorist\u00e1hoz siettek, \u00e9s sz\u00edvmassz\u00e1zzsal megpr\u00f3b\u00e1lt\u00e1k \u00fajra\u00e9leszteni. Kinyitott\u00e1k a dzsekij\u00e9t, sz\u00e9tszak\u00edtott\u00e1k a p\u00f3l\u00f3j\u00e1t. Amikor megl\u00e1tt\u00e1k az elektromos k\u00e1beleket a test\u00e9n, abbahagyt\u00e1k az \u00e9leszt\u00e9st. A robban\u00f3mell\u00e9nynek csak a h\u00e1ts\u00f3 r\u00e9sze l\u00e9pett m\u0171k\u00f6d\u00e9sbe, 120 csavart rep\u00edtve a leveg\u0151be. Tizenegyen megs\u00e9r\u00fcltek, k\u00f6z\u00fcl\u00fck h\u00e1rman s\u00falyosan. Hal\u00e1los \u00e1ldozat itt nem volt. A RIO 1206362 jelz\u00e9s\u0171 nyomoz\u00f3 szerint Brahim Abdeslam a k\u00e1v\u00e9h\u00e1zban azt a helyet kereste \u00e9s ott robbantotta fel mag\u00e1t, ahol a legt\u00f6bben voltak. A terrorista has\u00e1r\u00f3l a t\u0171zszer\u00e9szek vett\u00e9k le az \u00e9rintetlen robban\u00f3\u00f6vet.<\/p>\n\n\n\n<p>Salah Abdeslam, tekintet\u00e9vel a v\u00e1szonra tapadva, \u00e9rzelmeit gondosan elrejtve, csendben n\u00e9zi v\u00e9gig b\u00e1tyja hal\u00e1l\u00e1t.&nbsp;<\/p>\n","protected":false},"excerpt":{"rendered":"<p>A per harmadik hete a k\u00e9t utols\u00f3 k\u00e1v\u00e9h\u00e1zi t\u00e1mad\u00e1s helysz\u00ednel\u00e9s\u00e9nek ismertet\u00e9s\u00e9vel kezd\u0151dik. A legt\u00f6bb \u00e1ldozatot a La Belle \u00c9quipe terasz\u00e1n szedte az \u00fagynevezett teraszkommand\u00f3: az alig k\u00e9t percig tart\u00f3 l\u00f6v\u00f6ld\u00f6z\u00e9sben 21-en haltak meg \u00e9s ugyanennyien megsebes\u00fcltek.\u00a0 N\u00e9h\u00e1ny perccel k\u00e9s\u0151bb a terrorcsoport h\u00e1rom tagja k\u00f6z\u00fcl a f\u0151v\u00e1dlott b\u00e1tyja, Brahim Abdeslam, a Le Comptoir Voltaire pultj\u00e1n\u00e1l robbantotta&#8230;<\/p>\n","protected":false},"author":1,"featured_media":0,"comment_status":"closed","ping_status":"open","sticky":false,"template":"","format":"standard","meta":{"om_disable_all_campaigns":false,"_monsterinsights_skip_tracking":false,"_monsterinsights_sitenote_active":false,"_monsterinsights_sitenote_note":"","_monsterinsights_sitenote_category":0,"spay_email":"","footnotes":""},"categories":[1],"tags":[29,65,49,66,68,34,64,67],"class_list":["post-373","post","type-post","status-publish","format-standard","hentry","category-uncategorized","tag-abaaoud","tag-brahim-abdeslam","tag-helyszineles","tag-jean-louis-perie","tag-kavehazak","tag-nyomozo","tag-salah-abdeslam","tag-teraszkommando"],"jetpack_featured_media_url":"","_links":{"self":[{"href":"https:\/\/vilaghir.com\/index.php\/wp-json\/wp\/v2\/posts\/373","targetHints":{"allow":["GET"]}}],"collection":[{"href":"https:\/\/vilaghir.com\/index.php\/wp-json\/wp\/v2\/posts"}],"about":[{"href":"https:\/\/vilaghir.com\/index.php\/wp-json\/wp\/v2\/types\/post"}],"author":[{"embeddable":true,"href":"https:\/\/vilaghir.com\/index.php\/wp-json\/wp\/v2\/users\/1"}],"replies":[{"embeddable":true,"href":"https:\/\/vilaghir.com\/index.php\/wp-json\/wp\/v2\/comments?post=373"}],"version-history":[{"count":4,"href":"https:\/\/vilaghir.com\/index.php\/wp-json\/wp\/v2\/posts\/373\/revisions"}],"predecessor-version":[{"id":392,"href":"https:\/\/vilaghir.com\/index.php\/wp-json\/wp\/v2\/posts\/373\/revisions\/392"}],"wp:attachment":[{"href":"https:\/\/vilaghir.com\/index.php\/wp-json\/wp\/v2\/media?parent=373"}],"wp:term":[{"taxonomy":"category","embeddable":true,"href":"https:\/\/vilaghir.com\/index.php\/wp-json\/wp\/v2\/categories?post=373"},{"taxonomy":"post_tag","embeddable":true,"href":"https:\/\/vilaghir.com\/index.php\/wp-json\/wp\/v2\/tags?post=373"}],"curies":[{"name":"wp","href":"https:\/\/api.w.org\/{rel}","templated":true}]}}