{"id":280,"date":"2021-09-14T14:39:33","date_gmt":"2021-09-14T12:39:33","guid":{"rendered":"https:\/\/vilaghir.com\/?p=280"},"modified":"2021-09-21T20:53:47","modified_gmt":"2021-09-21T18:53:47","slug":"erzekeny-kerdesek","status":"publish","type":"post","link":"https:\/\/vilaghir.com\/index.php\/2021\/09\/14\/erzekeny-kerdesek\/","title":{"rendered":"\u00c9rz\u00e9keny k\u00e9rd\u00e9sek"},"content":{"rendered":"\n<p>A v\u00e1dirat minden gyan\u00fas\u00edtott eset\u00e9ben kiemeli azt a fordul\u00f3pontot, amikor a radik\u00e1lis iszl\u00e1m fel\u00e9 fordultak.&nbsp; Ez a pillanat a vizsg\u00e1l\u00f3b\u00edr\u00f3k szerint fontos a motiv\u00e1ci\u00f3k meg\u00e9rt\u00e9s\u00e9hez.&nbsp;<\/p>\n\n\n\n<p>A gyan\u00fas\u00edtottak t\u00f6bbs\u00e9ge Belgiumba vagy Franciaorsz\u00e1gba bev\u00e1ndorolt marokk\u00f3i csal\u00e1dban sz\u00fcletett, de nem fanatikus csal\u00e1dba. Nyugat-eur\u00f3pai \u00e1llami iskol\u00e1ba j\u00e1rtak, a muzulm\u00e1n sz\u00e1rmaz\u00e1s ink\u00e1bb \u00e9letform\u00e1t jelentett sz\u00e1mukra (bar\u00e1ti k\u00f6r, \u00fcnnepek, arab nyelv ismerete, nyaral\u00e1sok), semmint vall\u00e1sgyakorl\u00e1st, a dzsihadizmus, vagyis a vall\u00e1s nev\u00e9ben hirdetett forradalom, saj\u00e1t egy\u00e9ni v\u00e1laszt\u00e1suk volt. Els\u0151 l\u00e9p\u00e9sk\u00e9nt a saj\u00e1t sz\u00fcleikkel szemben l\u00e1zadtak fel, t\u00e1gabb \u00e9rtelemben pedig az \u0151ket k\u00f6r\u00fclvev\u0151 demokratikus t\u00e1rsadalom ellen.<\/p>\n\n\n\n<div class=\"wp-block-image\"><figure class=\"aligncenter size-full is-resized\"><img loading=\"lazy\" decoding=\"async\" src=\"https:\/\/vilaghir.com\/wp-content\/uploads\/2021\/09\/A-vadlottak.webp\" alt=\"\" class=\"wp-image-294\" width=\"555\" height=\"405\" srcset=\"https:\/\/vilaghir.com\/wp-content\/uploads\/2021\/09\/A-vadlottak.webp 619w, https:\/\/vilaghir.com\/wp-content\/uploads\/2021\/09\/A-vadlottak-300x219.webp 300w\" sizes=\"auto, (max-width: 555px) 100vw, 555px\" \/><\/figure><\/div>\n\n\n\n<p>A per els\u0151 het\u00e9nek legmeghat\u00e1roz\u00f3bb pillanata \u00e9ppen ez\u00e9rt nem a f\u0151v\u00e1dlott b\u00e1nt\u00f3an kih\u00edv\u00f3 magatart\u00e1sa volt, hanem az esk\u00fcdtsz\u00e9k eln\u00f6k\u00e9nek rezzen\u00e9stelen arccal tett megjegyz\u00e9se, amit akkor tett, amikor Salah Abdeslam az Iszl\u00e1m \u00c1llam katon\u00e1jak\u00e9nt mutatkozott be. \u201dNekem az van ide\u00edrva \u2013 mondta Jean-Louis P\u00e9ri\u00e8s a terrorista bemutatkoz\u00e1sa ut\u00e1n \u2013, hogy \u00f6n alkalmi munk\u00e1s.\u201d<\/p>\n\n\n\n<p>A dzsih\u00e1d, az iszl\u00e1m nev\u00e9ben hirdetett szent h\u00e1bor\u00fa, \u00e1tfog\u00f3nak mondhat\u00f3 politikai program.&nbsp; M\u00edg a huszadik sz\u00e1zadi eur\u00f3pai t\u00f6rt\u00e9nelem a totalit\u00e1rius eszm\u00e9k t\u00f6rt\u00e9nete, a mai, jobb\u00e1ra ideol\u00f3giamentess\u00e9 v\u00e1lt vil\u00e1gban az egyetlen totalit\u00e1rius ir\u00e1nyzat \u00e9ppen a politikai iszl\u00e1m. Ez pedig egyre t\u00f6bbeknek, mindenekel\u0151tt az Eur\u00f3p\u00e1ban magukat \u00e1ldozatnak be\u00e1ll\u00edt\u00f3 muzulm\u00e1noknak lehet vonz\u00f3, nem kis m\u00e9rt\u00e9kben az identit\u00e1st hangs\u00falyoz\u00f3 vall\u00e1si eleme miatt, s provokat\u00edv megsz\u00f3lal\u00e1saival Abdeslam e mellett tesz nyilv\u00e1nosan hitet.<\/p>\n\n\n\n<p>A szoci\u00e1lis h\u00e1tt\u00e9r is szerepet j\u00e1tszik abban, hogy egy nyugat-eur\u00f3pai szabad t\u00e1rsadalomban feln\u0151tt f\u00e9rfi mi\u00e9rt akar m\u00e1rt\u00edrhal\u00e1lt halni. Az iszl\u00e1m terrorizmus ugyanis legf\u0151k\u00e9ppen ebben k\u00fcl\u00f6nb\u00f6zik a marxista \u00e9s n\u00e1ci ideol\u00f3gi\u00e1kra \u00e9p\u00fcl\u0151, vagy p\u00e9ld\u00e1ul a baszk \u00e9s korzikai nacionalizmuson nyugv\u00f3 er\u0151szakt\u00f3l: a gyilkos a saj\u00e1t hal\u00e1l\u00e1t is keresi. Nem kis r\u00e9szben ez\u00e9rt neh\u00e9z meg\u00e9rteni az eur\u00f3pai dzsihadist\u00e1k val\u00f3s motiv\u00e1ci\u00f3it.&nbsp;<\/p>\n\n\n\n<p>A vizsg\u00e1l\u00f3b\u00edr\u00f3k minden v\u00e1dlott eset\u00e9ben kiemelik a fordul\u00f3pontot: egy szeretett ember hal\u00e1la, m\u00e1skor valami s\u00falyos baleset, esetleg egy f\u00e9lrecs\u00faszott karrier. Mintha a rem\u00e9nytelennek l\u00e1tsz\u00f3 helyzetetekben a teljes \u00f6nfelad\u00e1st keresn\u00e9k. A dzsih\u00e1dra toborz\u00f3 iszlamist\u00e1k ez\u00e9rt is szerveznek be gyakran gyenge idegzet\u0171 vagy befoly\u00e1solhat\u00f3 embereket, s az \u0151 eset\u00fckben az internet seg\u00edts\u00e9g\u00e9vel ma m\u00e1r nagyon gyorsan megy az agymos\u00e1s.&nbsp; A dzsihadist\u00e1k nevet v\u00e1ltoztatnak, miel\u0151tt fegyvert ragadnak, a harci n\u00e9v nem egyszer\u0171en a konspir\u00e1ci\u00f3 r\u00e9sze, hanem \u00faj \u00e9let\u00fck kezdet\u00e9t jelzi. Azaz nem is annyira a hal\u00e1lkeres\u00e9s, hanem ink\u00e1bb az azt k\u00f6vet\u0151 \u00fajj\u00e1sz\u00fclet\u00e9sbe vetett hit a legf\u0151bb mozgat\u00f3er\u0151 az \u00f6ngyilkos iszlamista mer\u00e9nyl\u0151k eset\u00e9ben.&nbsp; &nbsp;&nbsp;&nbsp;&nbsp;<\/p>\n\n\n\n<p>A v\u00e1dlottak szem\u00e9lyis\u00e9g\u00e9nek alakul\u00e1sa egy h\u00e9ten \u00e1t lesz a per t\u00e1rgya, v\u00e1rhat\u00f3an november elej\u00e9n. Mit csin\u00e1ltak, miel\u0151tt terrorist\u00e1k lettek, kik a sz\u00fcleik, milyen gyerekkoruk volt, hova j\u00e1rtak iskol\u00e1ba, kik voltak a bar\u00e1taik, mi volt a foglalkoz\u00e1suk, mik voltak az \u00e1lmaik, majd hogyan radikaliz\u00e1l\u00f3dtak. Ebben a szakaszban a mer\u00e9nyletekr\u0151l m\u00e9g nem esik majd sz\u00f3, a t\u00e1mad\u00e1sok lefoly\u00e1s\u00e1r\u00f3l \u00e9s az azokban bet\u00f6lt\u00f6tt szerep\u00fckr\u0151l csak 2022 elej\u00e9n hallgatj\u00e1k meg a v\u00e1dlottakat.&nbsp;<\/p>\n\n\n\n<p>A csaknem n\u00e9gysz\u00e1z oldalas v\u00e1dirat felolvas\u00e1s\u00e1nak utols\u00f3 k\u00e9t \u00f3r\u00e1ja a per m\u00e1sodik h\u00e9t\u00e9nek elej\u00e9re maradt. Francia b\u00edr\u00f3s\u00e1gon soha nem tartott m\u00e9g t\u00edz \u00f3ra hosszan egy v\u00e1dirat ismertet\u00e9se.<\/p>\n\n\n\n<p>A terrorszervezet vezet\u00e9s\u00e9vel a belga \u00e1llampolg\u00e1rs\u00e1g\u00fa Oussama Atart v\u00e1dolja az \u00fcgy\u00e9szs\u00e9g, akit 2017-ben \u00f6ltek meg Sz\u00edri\u00e1ban. A t\u00e1rgyal\u00f3teremben l\u00e9v\u0151 v\u00e1dlottak k\u00f6z\u00fcl csak a f\u0151v\u00e1dlottat, Salah Abdeslamot v\u00e1dolj\u00e1k ember\u00f6l\u00e9ssel, j\u00f3llehet \u0151 maga nem \u00f6lt meg senkit. Miut\u00e1n a terrorcselekm\u00e9nyhez k\u00f6thet\u0151 b\u0171nsz\u00f6vetkezetben val\u00f3 r\u00e9szv\u00e9tel \u2013 n\u00e9gy kiv\u00e9tellel \u2013 minden v\u00e1dlottra vonatkozik, \u00e9letfogytiglani szabads\u00e1gveszt\u00e9s szabhat\u00f3 ki r\u00e1juk.&nbsp;&nbsp;<\/p>\n\n\n\n<p>Els\u0151 tan\u00fak\u00e9nt a franciaorsz\u00e1gi nyomoz\u00e1st vezet\u0151 rend\u0151rt hallgatja meg az esk\u00fcdtsz\u00e9k. N\u00e9vtelen\u00fcl tesz tan\u00favallom\u00e1st, 2015 \u00e9s 2019 k\u00f6z\u00f6tt \u0151 volt a rend\u0151rs\u00e9g terrorelh\u00e1r\u00edt\u00e1si r\u00e9szleg\u00e9nek 99-es sz\u00e1mmal jel\u00f6lt nyomoz\u00f3ja. Negyven\u00f6t \u00e9v k\u00f6r\u00fcli, eleg\u00e1ns, borost\u00e1s arc\u00fa, v\u00e9kony, magas f\u00e9rfi. S\u00f6t\u00e9t \u00f6lt\u00f6nyt \u00e9s nyakkend\u0151t visel, jegyzetekkel \u00e9rkezik, de nem n\u00e9z a pap\u00edrokba, fejb\u0151l tud mindent. \u00a0Gyorsan, hat\u00e1rozottan besz\u00e9l, n\u00e9gy \u00f3r\u00e1n \u00e1t, meg\u00e1ll\u00e1s n\u00e9lk\u00fcl. K\u00edv\u00fclr\u0151l sorol minden nevet, id\u0151pontot, esem\u00e9nyt, a l\u00f6ved\u00e9kek m\u00e9reteit, azt, hogy melyik g\u00e9pkocsiban, mikor ki \u00fclt \u00e9s hova tartott. Az el\u0151k\u00e9sz\u00fcletek magyar helysz\u00edneit \u00e9s magyar nyomoz\u00f3koll\u00e9g\u00e1inak nev\u00e9t hib\u00e1tlanul ejti ki. Kiemeli a nyolc helysz\u00ednen elk\u00f6vetett mer\u00e9nyletsorozat k\u00fcl\u00f6n\u00f6s kegyetlens\u00e9g\u00e9t \u00e9s prec\u00edz megszervez\u00e9s\u00e9t. Elmondja, hogy a k\u00e1v\u00e9h\u00e1zi teraszok elleni terrorista kommand\u00f3 h\u00e1rom tagja \u00f6sszesen 503 l\u00f6v\u00e9st adott le, a Bataclan h\u00e1rom \u00f6ngyilkos mer\u00e9nyl\u0151je 250 t\u00f6lt\u00e9nyt haszn\u00e1lt el. Kilenc robban\u00f3\u00f6vet, hat Kalasnyikovot \u00e9s \u00f6t k\u00e9st haszn\u00e1ltak a terrorist\u00e1k. Ezer nyomoz\u00f3 v\u00e9gezte a helysz\u00ednel\u00e9seket, t\u00e1rta fel a mer\u00e9nyletek h\u00e1tter\u00e9t 25 orsz\u00e1ggal egy\u00fcttm\u0171k\u00f6dve.\u00a0Eml\u00e9keztet a v\u00e9rfagyaszt\u00f3 r\u00e9szletekre is, p\u00e9ld\u00e1ul a Bataclan melletti kuk\u00e1ban megtal\u00e1lt mobiltelefonra, amelyr\u0151l a kommand\u00f3 az utols\u00f3 \u00fczenetet k\u00fcldte \u00f6t perccel a t\u00e1mad\u00e1s kezdete el\u0151tt: \u201eElindultunk, kezd\u00fcnk\u201d.<\/p>\n\n\n\n<p>A nyomoz\u00f3 egyszer sem n\u00e9z a v\u00e1dlottakra, az esk\u00fcdtsz\u00e9k tagjaihoz besz\u00e9l. Alig kezdi el a vallom\u00e1st\u00e9telt, amikor Salah Abdeslam kiab\u00e1lni kezd. A b\u00edr\u00f3 figyelmezteti: \u201eCsend legyen, hagyja besz\u00e9lni a tan\u00fat!\u201d \u201e\u00c9s mi mikor kapunk sz\u00f3t?\u201d \u2013 folytatja a f\u0151v\u00e1dlott. \u201eK\u00e9s\u0151bb\u201d \u2013 inti le a b\u00edr\u00f3, de hi\u00e1ba. \u201eAbdeslam \u00far, hallgasson el, k\u00fcl\u00f6nben kivezettetem a teremb\u0151l!\u201d \u2013 sz\u00f3l r\u00e1 hat\u00e1rozottan Jean-Louis P\u00e9ri\u00e8s.&nbsp; \u201eKimehetek, semmi gond \u2013 replik\u00e1zik Abdeslam \u2013 de ezt hagyj\u00e1k abba, ez nem seg\u00edt a hozz\u00e1tartoz\u00f3kon, egy hete ezt hallgatjuk m\u00e1r\u201d. A nyomoz\u00f3 az intermezzo ut\u00e1n higgadtan folytatja a t\u00e9nyek ismertet\u00e9s\u00e9t.<\/p>\n\n\n\n<p>Most az \u00fcgyv\u00e9dek k\u00e9rnek sz\u00f3t, szerint\u00fck felesleges a v\u00e1dirat felolvas\u00e1sa ut\u00e1n m\u00e9g egyszer ilyen r\u00e9szletess\u00e9ggel felsorolni a t\u00f6rt\u00e9nteket. A b\u00edr\u00f3 t\u00fcrelemre k\u00e9ri \u0151ket, amikor Abdeslam kap az alkalmon, \u00fajra kiab\u00e1lni kezd, de a mikrofonja m\u00e1r ki van kapcsolva, nem \u00e9rteni, mit mond. \u201eLegyen t\u00fcrelemmel! H\u00f3napokon \u00e1t rend\u0151r\u00f6ket fog hallani a mer\u00e9nyletek lefoly\u00e1s\u00e1r\u00f3l, Abdeslam \u00far \u2013 figyelmezteti a b\u00edr\u00f3 \u2013, de a t\u00fal\u00e9l\u0151ket \u00e9s az \u00e1ldozatok hozz\u00e1tartoz\u00f3it is k\u00e9nytelen lesz v\u00e9gighallgatni, ha tetszik, ha nem. V\u00e9rtezze fel mag\u00e1t! T\u00fcrelemmel. &nbsp;Le\u00fclhet!\u201d<\/p>\n\n\n\n<p>A mer\u00e9nylet valamennyi helysz\u00edn\u00e9n k\u00e9sz\u00fclt valamilyen hang- vagy k\u00e9pfelv\u00e9tel a v\u00e9rengz\u00e9sek idej\u00e9n. A Bataclanban egy n\u00e9z\u0151 a mobiltelefonja diktafonj\u00e1n a teljes m\u00e9sz\u00e1rl\u00e1st r\u00f6gz\u00edtette. A Kalasnyikovok sorozatl\u00f6v\u00e9seit, a menek\u00fcl\u0151 emberek ki\u00e1lt\u00e1sait, a szenved\u0151k jajgat\u00e1s\u00e1t, a terrorist\u00e1k hangj\u00e1t. A hanganyag a bizony\u00edt\u00e9kok r\u00e9sze, de az m\u00e9g vita t\u00e1rgy\u00e1t k\u00e9pezi, hogy lej\u00e1tssz\u00e1k-e a t\u00e1rgyal\u00f3teremben.&nbsp; A koncertteremben elk\u00f6vetett t\u00e1mad\u00e1s egyik t\u00fal\u00e9l\u0151je a BFM h\u00edrt\u00e9v\u00e9ben \u00fagy v\u00e9lte: \u201emusz\u00e1j\u201d lej\u00e1tszani, akkor is, ha sokaknak neh\u00e9z perceket okoznak ezzel: \u201eNem lehet m\u00e1sk\u00e9pp elk\u00e9pzelni, mi is t\u00f6rt\u00e9nt. Hi\u00e1ba mondom el b\u00e1rkinek, mit \u00e9ltem \u00e1t, nem tudja elk\u00e9pzelni senki azt a zajt, azokat a hangokat, amiket hallottam.\u201d A civil felperesek \u00fcgyv\u00e9djei azt hangs\u00falyozz\u00e1k, hogy a v\u00e1dlottakat szembes\u00edteni kell a sz\u00f6rny\u0171s\u00e9ggel, amit okoztak, ez seg\u00edthet esetleg r\u00e1\u00e9breszteni \u0151ket tetteik k\u00f6vetkezm\u00e9nyeire. Az \u00e1ldozatok hozz\u00e1tartoz\u00f3inak egy r\u00e9sze tart a felv\u00e9tel v\u00e9gighallgat\u00e1s\u00e1t\u00f3l. \u201eNagyon f\u00e1jdalmas lenne \u2013 mondta egy n\u0151, aki a l\u00e1ny\u00e1t vesztette el a Bataclan elleni t\u00e1mad\u00e1sban. A mer\u00e9nyletekr\u0151l sz\u00f3l\u00f3 tud\u00f3s\u00edt\u00e1sokban m\u00e1r eddig is t\u00fal sokat l\u00e1ttunk, t\u00f6bbet, mint amit el lehet viselni.\u201d A terrorelh\u00e1r\u00edt\u00e1si \u00fcgy\u00e9szs\u00e9g sem t\u00e1mogatja a felv\u00e9tel nyilv\u00e1nos lej\u00e1tsz\u00e1s\u00e1t. A d\u00f6nt\u00e9st az esk\u00fcdtsz\u00e9k hozza meg. Eln\u00f6ke, Jean-Louis P\u00e9ri\u00e8s felh\u00edvja a jelenl\u00e9v\u0151k figyelm\u00e9t, hogy minden \u00e9rz\u00e9kenynek min\u0151s\u00edthet\u0151 bizony\u00edt\u00e9k, fot\u00f3k, hang- \u00e9s k\u00e9pfelv\u00e9tel bemutat\u00e1s\u00e1t el\u0151re fogja jelezni, hogy mindenki eld\u00f6nthesse, a t\u00e1rgyal\u00f3teremben marad-e vagy sem. &nbsp;A hozz\u00e1tartoz\u00f3k rendelkez\u00e9s\u00e9re \u00e1ll\u00f3 pszichol\u00f3gusokhoz az \u00fajs\u00e1g\u00edr\u00f3k is fordulhatnak, ha ennek sz\u00fcks\u00e9g\u00e9t \u00e9rzik. Az igazs\u00e1g\u00fcgyi palot\u00e1ban szem\u00e9lyesen vagy telefonon k\u00e9rhetnek seg\u00edts\u00e9get egy \u00fcgyeleti sz\u00e1mon a nap 24 \u00f3r\u00e1j\u00e1ban. A k\u00f6lts\u00e9geket a t\u00fal\u00e9l\u0151ket k\u00e9pvisel\u0151 egyik civil szervezet \u00e1llja.&nbsp;&nbsp;&nbsp;<\/p>\n\n\n\n<p>Az eln\u00f6k jelzi, hogy a Stade de France-n\u00e1l t\u00f6rt\u00e9nt robbant\u00e1sok helysz\u00edni felv\u00e9teleit szeptember 16-\u00e1n, a Bataclanban k\u00e9sz\u00fclt fot\u00f3kat \u00e9s hangfelv\u00e9telt 17-\u00e9n mutatja be az \u00fcgy\u00e9szs\u00e9g, a k\u00e1v\u00e9h\u00e1zak teraszain t\u00f6rt\u00e9nt l\u00f6v\u00f6ld\u00f6z\u00e9sekr\u0151l k\u00e9sz\u00fclt mobilfelv\u00e9teleket pedig a k\u00f6vetkez\u0151 h\u00e9ten. &nbsp;<\/p>\n\n\n\n<p>A terrorelh\u00e1r\u00edt\u00e1si nyomoz\u00f3 elmondja, hogy a t\u00e1mad\u00e1sokat k\u00f6vet\u0151en a rend\u0151rs\u00e9g csaknem 18 ezer \u00e1llampolg\u00e1ri bejelent\u00e9st kapott, ebb\u0151l kett\u0151 bizonyult hasznosnak. A v\u00e1dirat \u00e9s a tan\u00fak\u00e9nt meghallgatott rend\u0151r is a val\u00f3di nev\u00e9n eml\u00edti az egyik nyomravezet\u0151 n\u0151t, de azt biztons\u00e1gi okokb\u00f3l az \u00fajs\u00e1g\u00edr\u00f3k nem \u00edrhatj\u00e1k le. A n\u00e9v alapj\u00e1n kik\u00f6vetkeztethet\u0151, hogy egy arab muzulm\u00e1n n\u0151nek k\u00f6sz\u00f6nheti a rend\u0151rs\u00e9g, hogy le tudtak csapni a terrorkomand\u00f3t vezet\u0151 \u00e9s a helysz\u00ednr\u0151l elmenek\u00fcl\u0151 Abdelhamid Abaaoud-ra \u00e9s egyik t\u00e1rs\u00e1ra egy k\u00fclv\u00e1rosi lak\u00e1sban, \u00e9s ezzel felt\u00e9telezhet\u0151en tov\u00e1bbi mer\u00e9nyleteket akad\u00e1lyoztak meg. A n\u0151, aki Abaaoud unokah\u00fag\u00e1nak bar\u00e1tn\u0151je volt, \u00e9s a per egyik kulcstan\u00faja, a France Info h\u00edrr\u00e1di\u00f3ban elmondta: &nbsp;teljesen feladta kor\u00e1bbi \u00e9let\u00e9t, rendszeresen lakhelyet v\u00e1lt, nem \u00e9rzi mag\u00e1t biztons\u00e1gban, ennek ellen\u00e9re vallom\u00e1st tesz a b\u00edr\u00f3s\u00e1gon, mert, mint mondja: \u201eszeretn\u00e9, hogy az \u00e1ldozatok pontosan tudj\u00e1k, mi t\u00f6rt\u00e9nt, \u00e9s kikkel van dolguk\u201d.&nbsp; Hozz\u00e1tette, hogy nem b\u00e1nta meg, amit tett, azzal egy\u00fctt nem, hogy az \u00e9lete m\u00e1r csak t\u00fal\u00e9l\u00e9snek tekinthet\u0151.<\/p>\n","protected":false},"excerpt":{"rendered":"<p>A v\u00e1dirat minden gyan\u00fas\u00edtott eset\u00e9ben kiemeli azt a fordul\u00f3pontot, amikor a radik\u00e1lis iszl\u00e1m fel\u00e9 fordultak.&nbsp; Ez a pillanat a vizsg\u00e1l\u00f3b\u00edr\u00f3k szerint fontos a motiv\u00e1ci\u00f3k meg\u00e9rt\u00e9s\u00e9hez.&nbsp; A gyan\u00fas\u00edtottak t\u00f6bbs\u00e9ge Belgiumba vagy Franciaorsz\u00e1gba bev\u00e1ndorolt marokk\u00f3i csal\u00e1dban sz\u00fcletett, de nem fanatikus csal\u00e1dba. Nyugat-eur\u00f3pai \u00e1llami iskol\u00e1ba j\u00e1rtak, a muzulm\u00e1n sz\u00e1rmaz\u00e1s ink\u00e1bb \u00e9letform\u00e1t jelentett sz\u00e1mukra (bar\u00e1ti k\u00f6r, \u00fcnnepek, arab nyelv&#8230;<\/p>\n","protected":false},"author":1,"featured_media":0,"comment_status":"closed","ping_status":"open","sticky":false,"template":"","format":"standard","meta":{"om_disable_all_campaigns":false,"_monsterinsights_skip_tracking":false,"_monsterinsights_sitenote_active":false,"_monsterinsights_sitenote_note":"","_monsterinsights_sitenote_category":0,"spay_email":"","footnotes":""},"categories":[1],"tags":[11,37,35,36,38,34,7,28],"class_list":["post-280","post","type-post","status-publish","format-standard","hentry","category-uncategorized","tag-abdeslam","tag-dzsidasita","tag-eskudtszek","tag-magyar","tag-merenylo","tag-nyomozo","tag-per","tag-vadirat"],"jetpack_featured_media_url":"","_links":{"self":[{"href":"https:\/\/vilaghir.com\/index.php\/wp-json\/wp\/v2\/posts\/280","targetHints":{"allow":["GET"]}}],"collection":[{"href":"https:\/\/vilaghir.com\/index.php\/wp-json\/wp\/v2\/posts"}],"about":[{"href":"https:\/\/vilaghir.com\/index.php\/wp-json\/wp\/v2\/types\/post"}],"author":[{"embeddable":true,"href":"https:\/\/vilaghir.com\/index.php\/wp-json\/wp\/v2\/users\/1"}],"replies":[{"embeddable":true,"href":"https:\/\/vilaghir.com\/index.php\/wp-json\/wp\/v2\/comments?post=280"}],"version-history":[{"count":6,"href":"https:\/\/vilaghir.com\/index.php\/wp-json\/wp\/v2\/posts\/280\/revisions"}],"predecessor-version":[{"id":370,"href":"https:\/\/vilaghir.com\/index.php\/wp-json\/wp\/v2\/posts\/280\/revisions\/370"}],"wp:attachment":[{"href":"https:\/\/vilaghir.com\/index.php\/wp-json\/wp\/v2\/media?parent=280"}],"wp:term":[{"taxonomy":"category","embeddable":true,"href":"https:\/\/vilaghir.com\/index.php\/wp-json\/wp\/v2\/categories?post=280"},{"taxonomy":"post_tag","embeddable":true,"href":"https:\/\/vilaghir.com\/index.php\/wp-json\/wp\/v2\/tags?post=280"}],"curies":[{"name":"wp","href":"https:\/\/api.w.org\/{rel}","templated":true}]}}