{"id":211,"date":"2021-09-08T10:06:48","date_gmt":"2021-09-08T08:06:48","guid":{"rendered":"https:\/\/vilaghir.com\/?p=211"},"modified":"2021-09-10T23:26:07","modified_gmt":"2021-09-10T21:26:07","slug":"salah-abdeslam-a-terrorkommando-egyetlen-tuleloje","status":"publish","type":"post","link":"https:\/\/vilaghir.com\/index.php\/2021\/09\/08\/salah-abdeslam-a-terrorkommando-egyetlen-tuleloje\/","title":{"rendered":"Salah Abdeslam, a terrorkommand\u00f3 egyetlen t\u00fal\u00e9l\u0151je"},"content":{"rendered":"\n<p>A per sor\u00e1n a legnagyobb figyelem v\u00e1rhat\u00f3an a terrort\u00e1mad\u00e1sokat v\u00e9grehajt\u00f3 dzsihadista kommand\u00f3 egyetlen t\u00fal\u00e9l\u0151j\u00e9re, Salah Abdeslamra fog vet\u00fclni. &nbsp;A francia-marokk\u00f3i \u00e1llampolg\u00e1rs\u00e1g\u00fa, de Br\u00fcsszelben feln\u0151tt 32 \u00e9ves f\u00e9rfi a t\u00f6bbi terrorist\u00e1val ellent\u00e9tben soha nem j\u00e1rt Sz\u00edri\u00e1ban, \u00e9s nem kapott kik\u00e9pz\u00e9st. Hogy mi volt a szerepe a t\u00e1mad\u00e1sokban, azt m\u00e1r lehet tudni, azt viszont nem, hogyan \u00e9s mi\u00e9rt maradt \u00e9letben.&nbsp;&nbsp;<\/p>\n\n\n\n<div class=\"wp-block-image\"><figure class=\"aligncenter size-full\"><img loading=\"lazy\" decoding=\"async\" width=\"512\" height=\"288\" src=\"http:\/\/vilaghir.com\/wp-content\/uploads\/2021\/09\/abdeslam.jpg\" alt=\"\" class=\"wp-image-224\" srcset=\"https:\/\/vilaghir.com\/wp-content\/uploads\/2021\/09\/abdeslam.jpg 512w, https:\/\/vilaghir.com\/wp-content\/uploads\/2021\/09\/abdeslam-300x169.jpg 300w\" sizes=\"auto, (max-width: 512px) 100vw, 512px\" \/><figcaption><em>Salah Abdeslam<\/em><\/figcaption><\/figure><\/div>\n\n\n\n<p>2015. november 13-\u00e1n Abdeslam sz\u00e1ll\u00edtotta a helysz\u00ednre a Stade de France nemzeti stadionn\u00e1l mag\u00e1t felrobbant\u00f3 h\u00e1rom \u00f6ngyilkos mer\u00e9nyl\u0151t, majd P\u00e1rizs \u00e9szaki r\u00e9sz\u00e9n hagyta a g\u00e9pkocsit. Ezut\u00e1n az egyik d\u00e9li el\u0151v\u00e1rosban, Chatillonban t\u00f6lt\u00f6tte az \u00e9jszak\u00e1t. A robban\u00f3\u00f6v\u00e9t, amellyel a nyomoz\u00f3k szerint felt\u00e9telezhet\u0151en a metr\u00f3ban kellett volna felrobbantania mag\u00e1t, t\u00edz nappal k\u00e9s\u0151bb ebben az el\u0151v\u00e1rosban tal\u00e1lt\u00e1k meg egy szemetes kuk\u00e1ban.<\/p>\n\n\n\n<p>&nbsp;&#8222;\u00c9ppen hamburger\u00fcnket ett\u00fcnk k\u00e9t haverral, amikor odaj\u00f6tt hozz\u00e1nk \u00e9jjel 1 k\u00f6r\u00fcl. Norm\u00e1lis fick\u00f3nak t\u0171nt, akinek \u00e9pp nincs semmi dolga. Elkezdt\u00fcnk dum\u00e1lni, szimpatikus volt, vel\u00fcnk maradt&#8221; \u2013 mondta el egy 17 \u00e9ves fi\u00fa azok k\u00f6z\u00fcl. A fiatalok magukkal h\u00edvt\u00e1k a metr\u00f3meg\u00e1ll\u00f3 k\u00f6zel\u00e9ben l\u00e9v\u0151 egyik lak\u00f3telepi h\u00e1z l\u00e9pcs\u0151h\u00e1z\u00e1ba, ahol megosztott\u00e1k vele s\u00fclt krumplijukat.<\/p>\n\n\n\n<p>Abdel n\u00e9ven mutatkozott be, belga akcentussal besz\u00e9lt, pufi dzseki volt rajta, \u00e9s nagyon f\u00e1radtnak l\u00e1tszott. Azt mondta a tin\u00e9dzsereknek, hogy ker\u00e9kbilincset tettek a g\u00e9pkocsij\u00e1ra, \u00edgy most az unokatestv\u00e9reit v\u00e1rja, akik hajnalban j\u00f6nnek \u00e9rte. Reggel f\u00e9l 5-ig maradtak egy\u00fctt, ettek \u00e9s f\u00fcveztek, am\u00edg a terrorist\u00e1\u00e9rt meg nem \u00e9rkeztek a tettest\u00e1rsai, akik hazavitt\u00e9k Br\u00fcsszelbe.&nbsp; Abdeslam addig a j\u00f6v\u0151beni terveir\u0151l mes\u00e9lt nekik, s a szerelm\u00e9r\u0151l, akivel \u00f6ssze akarnak h\u00e1zasodni.<\/p>\n\n\n\n<p>A fiatalok az \u00e9jszaka folyam\u00e1n a mobiltelefonjaikon \u00e9rtes\u00fcltek a mer\u00e9nyletekr\u0151l. Egy\u00fctt n\u00e9zt\u00e9k meg a Bataclan koncertteremben t\u00f6rt\u00e9nt l\u00f6v\u00f6ld\u00f6z\u00e9sr\u0151l k\u00e9sz\u00fclt felv\u00e9telt, amely azonnal felker\u00fclt az internetre.&nbsp; \u201eAbdeslam meg\u00e1llt a bar\u00e1tom m\u00f6g\u00f6tt, akin\u00e9l a telefon volt, \u00e9s azt mondta, hogy embertelen, ami t\u00f6rt\u00e9nt. Olyan volt, mintha akkor szerzett volna tudom\u00e1st az eg\u00e9szr\u0151l&#8221; &#8211; mondta az egyik gimnazista.<\/p>\n\n\n\n<p>Abdeslam, aki nem szerepelt a francia titkosszolg\u00e1latok nyilv\u00e1ntart\u00e1s\u00e1ban, a saj\u00e1t nev\u00e9re, saj\u00e1t bankk\u00e1rty\u00e1j\u00e1val b\u00e9relt ki lak\u00e1sokat P\u00e1rizsban a mer\u00e9nyletek elk\u00f6vet\u0151i sz\u00e1m\u00e1ra, \u00e9s abb\u00f3l a h\u00e1rom g\u00e9pkocsib\u00f3l is \u0151 b\u00e9relt kett\u0151t, amelyekkel a terrorist\u00e1k a t\u00e1mad\u00e1sok helysz\u00edneire \u00e9rkeztek. Azzal is gyan\u00fas\u00edtj\u00e1k, hogy a Sz\u00edri\u00e1b\u00f3l visszat\u00e9r\u0151 eur\u00f3pai dzsihadist\u00e1k t\u00f6bbs\u00e9g\u00e9t \u0151 sz\u00e1ll\u00edtotta Eur\u00f3pa k\u00fcl\u00f6nb\u00f6z\u0151 v\u00e1rosaib\u00f3l \u2013 \u00edgy Budapestr\u0151l is \u2013 Br\u00fcsszelbe. \u0150 maga viszont soha nem j\u00e1rt az iszlamista harcok ter\u00fcletein.<\/p>\n\n\n\n<div class=\"wp-block-media-text alignwide is-stacked-on-mobile\" style=\"grid-template-columns:27% auto\"><figure class=\"wp-block-media-text__media\"><img loading=\"lazy\" decoding=\"async\" width=\"305\" height=\"403\" src=\"https:\/\/vilaghir.com\/wp-content\/uploads\/2021\/09\/Abdeslam2.png\" alt=\"\" class=\"wp-image-225 size-full\" srcset=\"https:\/\/vilaghir.com\/wp-content\/uploads\/2021\/09\/Abdeslam2.png 305w, https:\/\/vilaghir.com\/wp-content\/uploads\/2021\/09\/Abdeslam2-227x300.png 227w, https:\/\/vilaghir.com\/wp-content\/uploads\/2021\/09\/Abdeslam2-300x396.png 300w\" sizes=\"auto, (max-width: 305px) 100vw, 305px\" \/><\/figure><div class=\"wp-block-media-text__content\">\n<p class=\"has-normal-font-size\">Br\u00fcsszelben sz\u00fcletett egy \u00f6tgyerekes arab csal\u00e1dban, ott is n\u0151tt fel \u00e9s ott is fogt\u00e1k el n\u00e9gy h\u00f3nappal a mer\u00e9nyletek ut\u00e1n.&nbsp; Kisst\u00edl\u0171 b\u0171n\u00f6z\u0151k\u00e9nt volt ismert a ker\u00fclet\u00e9ben, tucatszor el\u00edt\u00e9lt\u00e9k k\u00f6z\u00fati szab\u00e1lys\u00e9rt\u00e9sek\u00e9rt, er\u0151szak\u00e9rt, 2010-ben pedig rabl\u00e1si k\u00eds\u00e9rlet\u00e9rt. Tettest\u00e1rsa az egyik legjobb gyerekkori bar\u00e1tja, Abdelhamid Abaaoud volt, akit k\u00e9s\u0151bb a terrorkommand\u00f3 oper\u00e1ci\u00f3s vezet\u0151j\u00e9nek jel\u00f6lt ki az Iszl\u00e1m \u00c1llam.&nbsp; <\/p>\n\n\n\n<p><\/p>\n<\/div><\/div>\n\n\n\n<div style=\"height:15px\" aria-hidden=\"true\" class=\"wp-block-spacer\"><\/div>\n\n\n\n<p>Abdeslamot nagy buliz\u00f3sk\u00e9nt ismert\u00e9k a bar\u00e1tai. Soha nem dolgozott, leggyakrabban a b\u00e1tyj\u00e1nak, Brahimnak, a terrorkommand\u00f3 egyik \u00f6ngyilkos mer\u00e9nyl\u0151j\u00e9nek k\u00e1v\u00e9z\u00f3j\u00e1ban l\u00f3gott. Menyasszonya szerint 2014 v\u00e9g\u00e9n kezdett \u00e9rdekl\u0151dni a sz\u00edriai harcok ir\u00e1nt, \u0151t is gy\u0151zk\u00f6dte, hogy utazzanak el egy\u00fctt. A l\u00e1ny azonban nem vette komolyan, miut\u00e1n Abdeslam sz\u00edvesebben j\u00e1rt sz\u00f3rakozni, mint im\u00e1dkozni. &nbsp;M\u00e1s hozz\u00e1tartoz\u00f3k szerint azonban Brahim \u00e9s Abdeslam egyik napr\u00f3l a m\u00e1sikra abbahagyta az iv\u00e1st, \u00e9s elkezdtek az iszl\u00e1m vall\u00e1s fel\u00e9 fordulni. Dzsihadista vide\u00f3kat \u00e9s h\u00e1bor\u00fas felh\u00edv\u00e1sokat n\u00e9ztek reggelt\u0151l estig. A belga titkosszolg\u00e1latok 2015. janu\u00e1rj\u00e1ban nyilv\u00e1ntart\u00e1sba vett\u00e9k sz\u00edriai tervei miatt, febru\u00e1rban ki is hallgatt\u00e1k az akkor m\u00e1r dzsihadistak\u00e9nt keresett Abaaoudhoz f\u0171z\u0151d\u0151 viszony\u00e1r\u00f3l. Azt vallotta, hogy j\u00f3 fejnek tartja gyerekkori bar\u00e1tj\u00e1t, de nem \u00e9rt egyet azzal, amit dzsihadistak\u00e9nt csin\u00e1l. November elej\u00e9n azt mondta a csal\u00e1dj\u00e1nak, hogy s\u00edelni megy p\u00e1r napra, majd vacsor\u00e1zni vitte bar\u00e1tn\u0151j\u00e9t, aki szerint Abdeslam eg\u00e9sz este zokogott.<\/p>\n\n\n\n<p>A nyomoz\u00e1s egyik s\u00f6t\u00e9t foltja a mai napig az, hogy Salah Abdeslam hogyan \u00e9s mi\u00e9rt \u00e9lte t\u00fal a mer\u00e9nyleteket. &nbsp;Miel\u0151tt a teljes hallgat\u00e1s strat\u00e9gi\u00e1j\u00e1t v\u00e1lasztotta volna, letart\u00f3ztat\u00e1s\u00e1t k\u00f6vet\u0151en Salah Abdeslam a belga rend\u0151r\u00f6knek azt \u00e1ll\u00edtotta, hogy az utols\u00f3 pillanatban meggondolta mag\u00e1t, \u00e9s \u00fagy d\u00f6nt\u00f6tt, m\u00e9gsem robbantja fel mag\u00e1t a test\u00e9re er\u0151s\u00edtett robban\u00f3\u00f6vvel.<\/p>\n\n\n\n<p>Egy szak\u00e9rt\u0151i v\u00e9lem\u00e9ny meg\u00e1llap\u00edtotta, hogy a robban\u00f3\u00f6ve, amelyet egy szemetesbe dobott ki, nem m\u0171k\u00f6d\u00f6tt, de az nem volt meg\u00e1llap\u00edthat\u00f3, hogy a dzsihadista megpr\u00f3b\u00e1lta-e m\u0171k\u00f6d\u00e9sbe hozni vagy sem. Egy ut\u00f3bb megtal\u00e1lt level\u00e9ben viszont Abdeslam azt \u00edrta, hogy megpr\u00f3b\u00e1lta m\u0171k\u00f6d\u00e9sbe hozni a robban\u00f3\u00f6vet, de az nem m\u0171k\u00f6d\u00f6tt. &nbsp;<\/p>\n\n\n\n<p>Belgiumban 2018. \u00e1prilis\u00e1ban h\u00fasz \u00e9v b\u00f6rt\u00f6nb\u00fcntet\u00e9sre \u00edt\u00e9lt\u00e9k, mert h\u00e1rom nappal a letart\u00f3ztat\u00e1sa el\u0151tt menek\u00fcl\u00e9s k\u00f6zben rend\u0151r\u00f6kre l\u0151tt. &nbsp;A br\u00fcsszeli per sor\u00e1n egy\u00e9rtelm\u0171v\u00e9 v\u00e1lt, hogy meggy\u0151z\u0151d\u00e9ses iszlamista, aki vitatta a b\u00edr\u00f3s\u00e1g legitimit\u00e1s\u00e1t, \u00e9s csak annyit volt hajland\u00f3 mondani, hogy Allahba helyezte a bizalm\u00e1t.  B\u00e1r embert k\u00f6zvetlen\u00fcl nem \u00f6lt, a v\u00e1d ellene terrorcselekm\u00e9nnyel kapcsolatos b\u0171nsz\u00f6vetkezetben elk\u00f6vetett ember\u00f6l\u00e9s. Mindent tud a mer\u00e9nyletekr\u0151l. K\u00e9rd\u00e9s, hogy fog-e a p\u00e1rizsi esk\u00fcdtsz\u00e9ken b\u00e1rmit is mondani az 1800 tan\u00fa, sebes\u00fclt, hozz\u00e1tartoz\u00f3 vallom\u00e1sai v\u00e9gighallgat\u00e1sa ut\u00e1n.&nbsp; J\u00f6v\u0151re a belgiumi mer\u00e9nyletek per\u00e9ben is v\u00e1dlott lesz, ahogy t\u00f6bb t\u00e1rsa is.<\/p>\n","protected":false},"excerpt":{"rendered":"<p>A per sor\u00e1n a legnagyobb figyelem v\u00e1rhat\u00f3an a terrort\u00e1mad\u00e1sokat v\u00e9grehajt\u00f3 dzsihadista kommand\u00f3 egyetlen t\u00fal\u00e9l\u0151j\u00e9re, Salah Abdeslamra fog vet\u00fclni. &nbsp;A francia-marokk\u00f3i \u00e1llampolg\u00e1rs\u00e1g\u00fa, de Br\u00fcsszelben feln\u0151tt 32 \u00e9ves f\u00e9rfi a t\u00f6bbi terrorist\u00e1val ellent\u00e9tben soha nem j\u00e1rt Sz\u00edri\u00e1ban, \u00e9s nem kapott kik\u00e9pz\u00e9st. Hogy mi volt a szerepe a t\u00e1mad\u00e1sokban, azt m\u00e1r lehet tudni, azt viszont nem, hogyan \u00e9s&#8230;<\/p>\n","protected":false},"author":1,"featured_media":0,"comment_status":"closed","ping_status":"open","sticky":false,"template":"","format":"standard","meta":{"om_disable_all_campaigns":false,"_monsterinsights_skip_tracking":false,"_monsterinsights_sitenote_active":false,"_monsterinsights_sitenote_note":"","_monsterinsights_sitenote_category":0,"spay_email":"","footnotes":""},"categories":[1],"tags":[],"class_list":["post-211","post","type-post","status-publish","format-standard","hentry","category-uncategorized"],"jetpack_featured_media_url":"","_links":{"self":[{"href":"https:\/\/vilaghir.com\/index.php\/wp-json\/wp\/v2\/posts\/211","targetHints":{"allow":["GET"]}}],"collection":[{"href":"https:\/\/vilaghir.com\/index.php\/wp-json\/wp\/v2\/posts"}],"about":[{"href":"https:\/\/vilaghir.com\/index.php\/wp-json\/wp\/v2\/types\/post"}],"author":[{"embeddable":true,"href":"https:\/\/vilaghir.com\/index.php\/wp-json\/wp\/v2\/users\/1"}],"replies":[{"embeddable":true,"href":"https:\/\/vilaghir.com\/index.php\/wp-json\/wp\/v2\/comments?post=211"}],"version-history":[{"count":11,"href":"https:\/\/vilaghir.com\/index.php\/wp-json\/wp\/v2\/posts\/211\/revisions"}],"predecessor-version":[{"id":251,"href":"https:\/\/vilaghir.com\/index.php\/wp-json\/wp\/v2\/posts\/211\/revisions\/251"}],"wp:attachment":[{"href":"https:\/\/vilaghir.com\/index.php\/wp-json\/wp\/v2\/media?parent=211"}],"wp:term":[{"taxonomy":"category","embeddable":true,"href":"https:\/\/vilaghir.com\/index.php\/wp-json\/wp\/v2\/categories?post=211"},{"taxonomy":"post_tag","embeddable":true,"href":"https:\/\/vilaghir.com\/index.php\/wp-json\/wp\/v2\/tags?post=211"}],"curies":[{"name":"wp","href":"https:\/\/api.w.org\/{rel}","templated":true}]}}