{"id":145,"date":"2021-09-05T22:06:28","date_gmt":"2021-09-05T20:06:28","guid":{"rendered":"https:\/\/vilaghir.com\/?p=145"},"modified":"2021-09-23T16:33:00","modified_gmt":"2021-09-23T14:33:00","slug":"tortenelmi-per","status":"publish","type":"post","link":"https:\/\/vilaghir.com\/index.php\/2021\/09\/05\/tortenelmi-per\/","title":{"rendered":"T\u00f6rt\u00e9nelmi per"},"content":{"rendered":"\n<p>A p\u00e1rizsi <em>Igazs\u00e1g\u00fcgyi Palota<\/em> folyos\u00f3in m\u00e1r el\u0151re az \u00e9vsz\u00e1zad perek\u00e9nt emlegetik a 2015. november 13-i p\u00e1rizsi mer\u00e9nyletsorozat szerd\u00e1n kezd\u0151d\u0151 t\u00e1rgyal\u00e1ssorozat\u00e1t. A 130 \u00e1ldozatot k\u00f6vetel\u0151 terroresem\u00e9ny b\u00fcntet\u0151per\u00e9hez hasonl\u00f3t sem m\u00e9ret\u00e9ben, sem id\u0151tartam\u00e1ban nem rendeztek m\u00e9g soha Franciaorsz\u00e1gban. Egyel\u0151re nem tudhat\u00f3, hogy a v\u00e1rhat\u00f3an kilenc h\u00f3napig tart\u00f3 elj\u00e1r\u00e1s sor\u00e1n az 1800 t\u00fal\u00e9l\u0151 \u00e9s az elhunytak hozz\u00e1tartoz\u00f3i k\u00f6z\u00fcl h\u00e1nyan szeretn\u00e9nek vallom\u00e1st tenni a b\u00edr\u00f3s\u00e1g el\u0151tt. &nbsp;<\/p>\n\n\n\n<div style=\"height:15px\" aria-hidden=\"true\" class=\"wp-block-spacer\"><\/div>\n\n\n\n<h2 class=\"wp-block-heading\"><strong>A t\u00e1rgyal\u00f3terem<\/strong><\/h2>\n\n\n\n<p>Az \u00fcgyv\u00e9dekkel \u00e9s \u00fajs\u00e1g\u00edr\u00f3kkal egy\u00fctt mintegy h\u00e1romezren v\u00e1rhat\u00f3k a legfontosabb t\u00e1rgyal\u00e1si napokon az esk\u00fcdtsz\u00e9kre. <\/p>\n\n\n\n<p>Mivel az orsz\u00e1gban nem l\u00e9tezik ennyi ember befogad\u00e1s\u00e1ra alkalmas t\u00e1rgyal\u00f3terem, az igazs\u00e1g\u00fcgyi t\u00e1rca \u00fagy d\u00f6nt\u00f6tt, hogy P\u00e1rizs sz\u00edv\u00e9ben, a <em>Cit\u00e9-szigeten<\/em> tal\u00e1lhat\u00f3 Igazs\u00e1g\u00fcgyi Palot\u00e1ban felh\u00faznak egy k\u00fcl\u00f6n \u00e9p\u00edtm\u00e9nyt a per befogad\u00e1s\u00e1ra.<\/p>\n\n\n\n<p>A <em>Sainte-Chapelle<\/em> k\u00e1poln\u00e1t \u00e9s a <em>Conciergerie<\/em>-t, a k\u00f6z\u00e9pkori kir\u00e1lyi v\u00e1rat is mag\u00e1ba foglal\u00f3 \u00e9p\u00fcletegy\u00fcttes f\u0151csarnok\u00e1ban helyezt\u00e9k el a <em>Nagy Per<\/em> elnevez\u00e9s\u0171 hatalmas t\u00e1rgyal\u00f3termet, amely egyid\u0151ben 550 f\u0151 befogad\u00e1s\u00e1ra alkalmas.&nbsp;<\/p>\n\n\n\n<div class=\"wp-block-columns is-layout-flex wp-container-core-columns-is-layout-9d6595d7 wp-block-columns-is-layout-flex\">\n<div class=\"wp-block-column is-layout-flow wp-block-column-is-layout-flow\" style=\"flex-basis:100%\">\n<div class=\"wp-block-jetpack-slideshow aligncenter\" data-effect=\"slide\"><div class=\"wp-block-jetpack-slideshow_container swiper-container\"><ul class=\"wp-block-jetpack-slideshow_swiper-wrapper swiper-wrapper\"><li class=\"wp-block-jetpack-slideshow_slide swiper-slide\"><figure><img loading=\"lazy\" decoding=\"async\" width=\"1024\" height=\"768\" alt=\"\" class=\"wp-block-jetpack-slideshow_image wp-image-148\" data-id=\"148\" src=\"http:\/\/vilaghir.com\/wp-content\/uploads\/2021\/09\/image00047-1024x768.jpeg\" srcset=\"https:\/\/vilaghir.com\/wp-content\/uploads\/2021\/09\/image00047-1024x768.jpeg 1024w, https:\/\/vilaghir.com\/wp-content\/uploads\/2021\/09\/image00047-300x225.jpeg 300w, https:\/\/vilaghir.com\/wp-content\/uploads\/2021\/09\/image00047-768x576.jpeg 768w, https:\/\/vilaghir.com\/wp-content\/uploads\/2021\/09\/image00047-1536x1152.jpeg 1536w, https:\/\/vilaghir.com\/wp-content\/uploads\/2021\/09\/image00047-2048x1536.jpeg 2048w, https:\/\/vilaghir.com\/wp-content\/uploads\/2021\/09\/image00047-850x638.jpeg 850w\" sizes=\"auto, (max-width: 1024px) 100vw, 1024px\" \/><\/figure><\/li><li class=\"wp-block-jetpack-slideshow_slide swiper-slide\"><figure><img loading=\"lazy\" decoding=\"async\" width=\"1024\" height=\"768\" alt=\"\" class=\"wp-block-jetpack-slideshow_image wp-image-154\" data-id=\"154\" src=\"http:\/\/vilaghir.com\/wp-content\/uploads\/2021\/09\/image00017-1024x768.jpeg\" srcset=\"https:\/\/vilaghir.com\/wp-content\/uploads\/2021\/09\/image00017-1024x768.jpeg 1024w, https:\/\/vilaghir.com\/wp-content\/uploads\/2021\/09\/image00017-300x225.jpeg 300w, https:\/\/vilaghir.com\/wp-content\/uploads\/2021\/09\/image00017-768x576.jpeg 768w, https:\/\/vilaghir.com\/wp-content\/uploads\/2021\/09\/image00017-1536x1152.jpeg 1536w, https:\/\/vilaghir.com\/wp-content\/uploads\/2021\/09\/image00017-2048x1536.jpeg 2048w, https:\/\/vilaghir.com\/wp-content\/uploads\/2021\/09\/image00017-850x638.jpeg 850w\" sizes=\"auto, (max-width: 1024px) 100vw, 1024px\" \/><\/figure><\/li><li class=\"wp-block-jetpack-slideshow_slide swiper-slide\"><figure><img loading=\"lazy\" decoding=\"async\" width=\"1024\" height=\"768\" alt=\"\" class=\"wp-block-jetpack-slideshow_image wp-image-178\" data-id=\"178\" src=\"http:\/\/vilaghir.com\/wp-content\/uploads\/2021\/09\/image00021-1024x768.jpeg\" srcset=\"https:\/\/vilaghir.com\/wp-content\/uploads\/2021\/09\/image00021-1024x768.jpeg 1024w, https:\/\/vilaghir.com\/wp-content\/uploads\/2021\/09\/image00021-300x225.jpeg 300w, https:\/\/vilaghir.com\/wp-content\/uploads\/2021\/09\/image00021-768x576.jpeg 768w, https:\/\/vilaghir.com\/wp-content\/uploads\/2021\/09\/image00021-1536x1152.jpeg 1536w, https:\/\/vilaghir.com\/wp-content\/uploads\/2021\/09\/image00021-2048x1536.jpeg 2048w, https:\/\/vilaghir.com\/wp-content\/uploads\/2021\/09\/image00021-850x638.jpeg 850w\" sizes=\"auto, (max-width: 1024px) 100vw, 1024px\" \/><\/figure><\/li><li class=\"wp-block-jetpack-slideshow_slide swiper-slide\"><figure><img loading=\"lazy\" decoding=\"async\" width=\"1024\" height=\"768\" alt=\"\" class=\"wp-block-jetpack-slideshow_image wp-image-179\" data-id=\"179\" src=\"http:\/\/vilaghir.com\/wp-content\/uploads\/2021\/09\/image00022-1024x768.jpeg\" srcset=\"https:\/\/vilaghir.com\/wp-content\/uploads\/2021\/09\/image00022-1024x768.jpeg 1024w, https:\/\/vilaghir.com\/wp-content\/uploads\/2021\/09\/image00022-300x225.jpeg 300w, https:\/\/vilaghir.com\/wp-content\/uploads\/2021\/09\/image00022-768x576.jpeg 768w, https:\/\/vilaghir.com\/wp-content\/uploads\/2021\/09\/image00022-1536x1152.jpeg 1536w, https:\/\/vilaghir.com\/wp-content\/uploads\/2021\/09\/image00022-2048x1536.jpeg 2048w, https:\/\/vilaghir.com\/wp-content\/uploads\/2021\/09\/image00022-850x638.jpeg 850w\" sizes=\"auto, (max-width: 1024px) 100vw, 1024px\" \/><\/figure><\/li><li class=\"wp-block-jetpack-slideshow_slide swiper-slide\"><figure><img loading=\"lazy\" decoding=\"async\" width=\"1024\" height=\"768\" alt=\"\" class=\"wp-block-jetpack-slideshow_image wp-image-180\" data-id=\"180\" src=\"http:\/\/vilaghir.com\/wp-content\/uploads\/2021\/09\/image00035-1024x768.jpeg\" srcset=\"https:\/\/vilaghir.com\/wp-content\/uploads\/2021\/09\/image00035-1024x768.jpeg 1024w, https:\/\/vilaghir.com\/wp-content\/uploads\/2021\/09\/image00035-300x225.jpeg 300w, https:\/\/vilaghir.com\/wp-content\/uploads\/2021\/09\/image00035-768x576.jpeg 768w, https:\/\/vilaghir.com\/wp-content\/uploads\/2021\/09\/image00035-1536x1152.jpeg 1536w, https:\/\/vilaghir.com\/wp-content\/uploads\/2021\/09\/image00035-2048x1536.jpeg 2048w, https:\/\/vilaghir.com\/wp-content\/uploads\/2021\/09\/image00035-850x638.jpeg 850w\" sizes=\"auto, (max-width: 1024px) 100vw, 1024px\" \/><\/figure><\/li><li class=\"wp-block-jetpack-slideshow_slide swiper-slide\"><figure><img loading=\"lazy\" decoding=\"async\" width=\"1024\" height=\"768\" alt=\"\" class=\"wp-block-jetpack-slideshow_image wp-image-182\" data-id=\"182\" src=\"http:\/\/vilaghir.com\/wp-content\/uploads\/2021\/09\/image00028-1024x768.jpeg\" srcset=\"https:\/\/vilaghir.com\/wp-content\/uploads\/2021\/09\/image00028-1024x768.jpeg 1024w, https:\/\/vilaghir.com\/wp-content\/uploads\/2021\/09\/image00028-300x225.jpeg 300w, https:\/\/vilaghir.com\/wp-content\/uploads\/2021\/09\/image00028-768x576.jpeg 768w, https:\/\/vilaghir.com\/wp-content\/uploads\/2021\/09\/image00028-1536x1152.jpeg 1536w, https:\/\/vilaghir.com\/wp-content\/uploads\/2021\/09\/image00028-2048x1536.jpeg 2048w, https:\/\/vilaghir.com\/wp-content\/uploads\/2021\/09\/image00028-850x638.jpeg 850w\" sizes=\"auto, (max-width: 1024px) 100vw, 1024px\" \/><\/figure><\/li><\/ul><a class=\"wp-block-jetpack-slideshow_button-prev swiper-button-prev swiper-button-white\" role=\"button\"><\/a><a class=\"wp-block-jetpack-slideshow_button-next swiper-button-next swiper-button-white\" role=\"button\"><\/a><a aria-label=\"Pause Slideshow\" class=\"wp-block-jetpack-slideshow_button-pause\" role=\"button\"><\/a><div class=\"wp-block-jetpack-slideshow_pagination swiper-pagination swiper-pagination-white\"><\/div><\/div><\/div>\n\n\n\n<p><\/p>\n<\/div>\n<\/div>\n\n\n\n<p>A 45 m\u00e9ter hossz\u00fa \u00e9s 15 m\u00e9ter sz\u00e9les modern \u00e9p\u00edtm\u00e9ny vil\u00e1gos sz\u00edn\u0171 fabor\u00edt\u00e1sa \u00e9s a meleg f\u00e9nyek nyugalmat hivatottak sugallni. A falakba be\u00e9p\u00edtett kamer\u00e1k \u00e9s mikrofonok r\u00e9v\u00e9n a t\u00e1rgyal\u00f3teremb\u0151l kiszorult \u00e9rdekl\u0151d\u00f6k \u00e9s \u00fajs\u00e1g\u00edr\u00f3k az Igazs\u00e1g\u00fcgyi Palota tucatnyi term\u00e9ben kivet\u00edt\u0151k\u00f6n \u00e9l\u0151ben k\u00f6vethetik a pert, m\u00edg a 23 orsz\u00e1gb\u00f3l sz\u00e1rmaz\u00f3 \u00e1ldozatok hozz\u00e1tartoz\u00f3i egy k\u00f3dolt webr\u00e1di\u00f3n ak\u00e1r k\u00fclf\u00f6ldi otthonukb\u00f3l is figyelemmel k\u00eds\u00e9rhetik a t\u00e1rgyal\u00e1st. Viszont a k\u00f3dol\u00e1s r\u00e9v\u00e9n csak \u0151k, a k\u00e9p- \u00e9s hangfelv\u00e9teleket ugyan r\u00f6gz\u00edtik az ut\u00f3kor sz\u00e1m\u00e1ra, de \u00f6tven \u00e9vre titkos\u00edtj\u00e1k. A nagyk\u00f6z\u00f6ns\u00e9g csak a sajt\u00f3 tud\u00f3s\u00edt\u00e1saib\u00f3l \u00e9s a karikaturist\u00e1k rajzaib\u00f3l t\u00e1j\u00e9koz\u00f3dhat a per menet\u00e9r\u0151l.<\/p>\n\n\n\n<div class=\"wp-block-media-text alignwide is-stacked-on-mobile is-image-fill\" style=\"grid-template-columns:41% auto\"><figure class=\"wp-block-media-text__media\" style=\"background-image:url(https:\/\/vilaghir.com\/wp-content\/uploads\/2021\/09\/image00065-1024x768.jpeg);background-position:50% 50%\"><img loading=\"lazy\" decoding=\"async\" width=\"1024\" height=\"768\" src=\"https:\/\/vilaghir.com\/wp-content\/uploads\/2021\/09\/image00065-1024x768.jpeg\" alt=\"\" class=\"wp-image-162 size-full\" srcset=\"https:\/\/vilaghir.com\/wp-content\/uploads\/2021\/09\/image00065-1024x768.jpeg 1024w, https:\/\/vilaghir.com\/wp-content\/uploads\/2021\/09\/image00065-300x225.jpeg 300w, https:\/\/vilaghir.com\/wp-content\/uploads\/2021\/09\/image00065-768x576.jpeg 768w, https:\/\/vilaghir.com\/wp-content\/uploads\/2021\/09\/image00065-1536x1152.jpeg 1536w, https:\/\/vilaghir.com\/wp-content\/uploads\/2021\/09\/image00065-2048x1536.jpeg 2048w, https:\/\/vilaghir.com\/wp-content\/uploads\/2021\/09\/image00065-850x638.jpeg 850w\" sizes=\"auto, (max-width: 1024px) 100vw, 1024px\" \/><\/figure><div class=\"wp-block-media-text__content\">\n<p class=\"has-normal-font-size\">A t\u00e1rgyal\u00e1sokat a h\u00e9t n\u00e9gy napj\u00e1n, keddt\u0151l p\u00e9ntekig rendezik, mindennap d\u00e9lut\u00e1n f\u00e9l 1-t\u0151l este 8 \u00f3r\u00e1ig. Ebben az id\u0151szakban az \u00e9rintetteken k\u00edv\u00fcl senki nem k\u00f6zel\u00edtheti meg az Igazs\u00e1g\u00fcgyi Palota \u00e9p\u00fclet\u00e9t, a Cit\u00e9-sziget pedig a Pentagonn\u00e1l is nagyobb v\u00e9delmet kap.&nbsp;&nbsp;<\/p>\n<\/div><\/div>\n\n\n\n<div style=\"height:15px\" aria-hidden=\"true\" class=\"wp-block-spacer\"><\/div>\n\n\n\n<div style=\"height:15px\" aria-hidden=\"true\" class=\"wp-block-spacer\"><\/div>\n\n\n\n<h2 class=\"wp-block-heading\"><strong>A b\u00edr\u00f3s\u00e1g<\/strong><\/h2>\n\n\n\n<p>A k\u00fcl\u00f6nleges esk\u00fcdtsz\u00e9k mind az \u00f6t tagja tapasztalt b\u00edr\u00f3. Eln\u00f6k\u00fck a 65 \u00e9ves <em>Jean-Louis Peries<\/em>, aki a szervezett b\u0171n\u00f6z\u00e9s sz\u00e1mos per\u00e9ben \u00edt\u00e9lkezett kor\u00e1bban, s a test\u00fcletben foglal helyet<em> Xavi\u00e8re Simeoni <\/em>is, aki a 2000-es \u00e9vek elej\u00e9n vizsg\u00e1l\u00f3b\u00edr\u00f3k\u00e9nt v\u00e1dat emelt Jacques Chirac n\u00e9hai \u00e1llamf\u0151 ellen illeg\u00e1lis p\u00e1rtfinansz\u00edroz\u00e1s miatt.&nbsp; A v\u00e1dat az orsz\u00e1gos terrorelh\u00e1r\u00edt\u00e1si \u00fcgy\u00e9szs\u00e9g h\u00e1rom \u00fcgy\u00e9sze, <em>Camille Hennetier, Nicolas Le Bris <\/em>\u00e9s <em>Nicolas Braconnay<\/em> k\u00e9pviseli. Mindh\u00e1rman t\u00f6bb mint egy \u00e9ve tanulm\u00e1nyozz\u00e1k a v\u00e1diratot, amelyet 47 ezer jegyz\u0151k\u00f6nyv egymilli\u00f3 oldala alapj\u00e1n \u00e1ll\u00edtottak \u00f6ssze, s amelynek k\u00f6tetei egym\u00e1sra helyezve t\u00f6bb mint \u00f6tven m\u00e9ter magas tornyot adn\u00e1nak ki.&nbsp;<\/p>\n\n\n\n<div class=\"wp-block-media-text alignwide has-media-on-the-right is-stacked-on-mobile is-image-fill\" style=\"grid-template-columns:auto 35%\"><figure class=\"wp-block-media-text__media\" style=\"background-image:url(https:\/\/vilaghir.com\/wp-content\/uploads\/2021\/09\/image00005hosszan-554x1024.jpeg);background-position:50% 10%\"><img loading=\"lazy\" decoding=\"async\" width=\"554\" height=\"1024\" src=\"https:\/\/vilaghir.com\/wp-content\/uploads\/2021\/09\/image00005hosszan-554x1024.jpeg\" alt=\"\" class=\"wp-image-164 size-full\" srcset=\"https:\/\/vilaghir.com\/wp-content\/uploads\/2021\/09\/image00005hosszan-554x1024.jpeg 554w, https:\/\/vilaghir.com\/wp-content\/uploads\/2021\/09\/image00005hosszan-162x300.jpeg 162w, https:\/\/vilaghir.com\/wp-content\/uploads\/2021\/09\/image00005hosszan-768x1418.jpeg 768w, https:\/\/vilaghir.com\/wp-content\/uploads\/2021\/09\/image00005hosszan-832x1536.jpeg 832w, https:\/\/vilaghir.com\/wp-content\/uploads\/2021\/09\/image00005hosszan-300x554.jpeg 300w, https:\/\/vilaghir.com\/wp-content\/uploads\/2021\/09\/image00005hosszan-850x1570.jpeg 850w, https:\/\/vilaghir.com\/wp-content\/uploads\/2021\/09\/image00005hosszan.jpeg 1013w\" sizes=\"auto, (max-width: 554px) 100vw, 554px\" \/><\/figure><div class=\"wp-block-media-text__content\">\n<p class=\"has-normal-font-size\">A tervezett 140 t\u00e1rgyal\u00e1si nap els\u0151 k\u00e9t het\u00e9ben a hat\u00f3s\u00e1gok ismertetik a mer\u00e9nyletek lefoly\u00e1s\u00e1t, \u00e9s mindazt, amit a nyomoz\u00e1s kider\u00edtett a t\u00e1mad\u00e1sok h\u00e1tter\u00e9r\u0151l az elm\u00falt \u00e9vekben.\u00a0 Szeptember v\u00e9g\u00e9t\u0151l \u00f6t h\u00e9ten \u00e1t a t\u00fal\u00e9l\u0151ket hallgatja meg a b\u00edr\u00f3s\u00e1g, novemberben kapnak sz\u00f3t el\u0151sz\u00f6r a v\u00e1dlottak, akiket tan\u00fak\u00e9nt beid\u00e9zett titkosszolg\u00e1lati szakemberek k\u00f6vetnek, valamint az iszlamizmus kutat\u00f3i, elmeszak\u00e9rt\u0151k \u00e9s kor\u00e1bban el\u00edt\u00e9lt dzsihadist\u00e1k.<\/p>\n<\/div><\/div>\n\n\n\n<p><\/p>\n\n\n\n<p>Az \u00e1ldozatokat k\u00e9pvisel\u0151 egyik egyes\u00fclet kezdem\u00e9nyezte t\u00f6bb politikai vezet\u0151 beid\u00e9z\u00e9s\u00e9t is, \u00edgy <em>Fran\u00e7ois Hollande<\/em> egykori \u00e1llamf\u0151 \u00e9s bel\u00fcgyminisztere, <em>Bernard Cazeneuve<\/em> mellett <em>Fran\u00e7ois Molins<\/em> ex-f\u0151\u00fcgy\u00e9szt \u00e9s a titkosszolg\u00e1latok volt vezet\u0151it is meghallgatj\u00e1k.<\/p>\n\n\n\n<p>A v\u00e1dlottak r\u00e9szletesebb kihallgat\u00e1sa janu\u00e1r elej\u00e9t\u0151l \u00e1prilisig fog tartani, ezt k\u00f6vet\u0151en a v\u00e1d \u00e9s a v\u00e9delem is egy h\u00f3napon \u00e1t \u00e9rvelhet a m\u00e1jus 25-re tervezett \u00edt\u00e9lethirdet\u00e9s el\u0151tt.<\/p>\n\n\n\n<div style=\"height:15px\" aria-hidden=\"true\" class=\"wp-block-spacer\"><\/div>\n\n\n\n<h2 class=\"wp-block-heading\"><strong>A v\u00e1dlottak<\/strong><\/h2>\n\n\n\n<p>A h\u00fasz v\u00e1dlott k\u00f6z\u00fcl csak 14-en lesznek jelen, a termen bel\u00fcl a sz\u00e1mukra \u00e9p\u00edtett z\u00e1rt, goly\u00f3\u00e1ll\u00f3 kabinban. <\/p>\n\n\n\n<figure class=\"wp-block-image size-large\"><img loading=\"lazy\" decoding=\"async\" width=\"1024\" height=\"408\" src=\"https:\/\/vilaghir.com\/wp-content\/uploads\/2021\/09\/image00024-1024x408.jpeg\" alt=\"\" class=\"wp-image-166\" srcset=\"https:\/\/vilaghir.com\/wp-content\/uploads\/2021\/09\/image00024-1024x408.jpeg 1024w, https:\/\/vilaghir.com\/wp-content\/uploads\/2021\/09\/image00024-300x119.jpeg 300w, https:\/\/vilaghir.com\/wp-content\/uploads\/2021\/09\/image00024-768x306.jpeg 768w, https:\/\/vilaghir.com\/wp-content\/uploads\/2021\/09\/image00024-1536x611.jpeg 1536w, https:\/\/vilaghir.com\/wp-content\/uploads\/2021\/09\/image00024-2048x815.jpeg 2048w, https:\/\/vilaghir.com\/wp-content\/uploads\/2021\/09\/image00024-850x338.jpeg 850w\" sizes=\"auto, (max-width: 1024px) 100vw, 1024px\" \/><\/figure>\n\n\n\n<p>A terrorkomand\u00f3 egyetlen t\u00fal\u00e9l\u0151je, a francia-marokk\u00f3i kett\u0151s \u00e1llampolg\u00e1rs\u00e1g\u00fa, de Belgiumban feln\u0151tt 32 \u00e9ves <em>Salah Abdeslam <\/em>mellett a mer\u00e9nyletek logisztikai felel\u0151sei, a terrorist\u00e1k sz\u00e1ll\u00edt\u00f3i, a b\u00fav\u00f3helyek\u00e9rt \u00e9s hamis pap\u00edrok\u00e9rt felel\u0151s t\u00e1rsaik, valamint az a k\u00e9t mer\u00e9nyl\u0151jel\u00f6lt, akiket m\u00e9g P\u00e1rizsba \u00e9rkez\u00e9s\u00fck el\u0151tt Ausztri\u00e1ban \u0151rizetbe vettek. T\u00f6bbs\u00e9g\u00fck belga-marokk\u00f3i kett\u0151s \u00e1llampolg\u00e1r.<\/p>\n\n\n\n<p>A tov\u00e1bbi hat v\u00e1dlott m\u00e1r nincs \u00e9letben: a mer\u00e9nyletsorozat sz\u00edriai kitervel\u0151je \u00e9s ir\u00e1ny\u00edt\u00f3ja, a belga-marokk\u00f3i \u00e1llampolg\u00e1rs\u00e1g\u00fa <em>Oussama Atar<\/em>, k\u00e9t seg\u00edt\u0151je, a d\u00e9l-franciaorsz\u00e1gi Toulouse egyik katolikus csal\u00e1dj\u00e1b\u00f3l sz\u00e1rmaz\u00f3 <em>Fabien \u00e9s Jean-Michel Clain<\/em>, valamint a terrorszervezet tov\u00e1bbi h\u00e1rom tagja, <em>Ahmed Dahmani, Ahmad Alkhald \u00e9s Obdeida Aref Dibo<\/em>. \u0150ket \u2013&nbsp;&nbsp; sajt\u00f3\u00e9rtes\u00fcl\u00e9sek szerint \u2013 a terrort\u00e1mad\u00e1s ut\u00e1n a francia korm\u00e1ny megb\u00edz\u00e1s\u00e1b\u00f3l a nemzetk\u00f6zi koal\u00edci\u00f3 er\u0151i meg\u00f6lt\u00e9k Sz\u00edri\u00e1ban. Veter\u00e1n dzsihadistak\u00e9nt \u0151k voltak az Iszl\u00e1m \u00c1llam nev\u0171 terrorszervezet frankof\u00f3n vezet\u0151i.<\/p>\n\n\n\n<p>P\u00e1rizsban nem a mer\u00e9nyletsorozat kitervel\u0151it vagy a terrorszervezet vezet\u0151it \u00e1ll\u00edtj\u00e1k b\u00edr\u00f3s\u00e1g el\u00e9, hanem a hidegv\u00e9r\u0171 v\u00e9grehajt\u00f3kat: a kiv\u00e9gz\u0151osztagok tagjait. T\u00f6bbs\u00e9g\u00fck felt\u00e9telezhet\u0151en \u00e9letfogytiglani b\u00f6rt\u00f6nb\u00fcntet\u00e9st kap. A speci\u00e1lis szab\u00e1lyok \u00e9s dramaturgia szerint tervezett kilenc h\u00f3napos t\u00e1rgyal\u00e1ssorozat rem\u00e9lhet\u0151leg seg\u00edt annak a meg\u00e9rt\u00e9s\u00e9ben is, hogy hol h\u00faz\u00f3dik a hat\u00e1r egy vall\u00e1s \u00e9s annak eltorzult v\u00e1ltozata k\u00f6z\u00f6tt, meddig tart az istenhit, \u00e9s hol kezd\u0151dik a fanatizmus, a totalit\u00e1rius gondolkod\u00e1s.<\/p>\n","protected":false},"excerpt":{"rendered":"<p>A p\u00e1rizsi Igazs\u00e1g\u00fcgyi Palota folyos\u00f3in m\u00e1r el\u0151re az \u00e9vsz\u00e1zad perek\u00e9nt emlegetik a 2015. november 13-i p\u00e1rizsi mer\u00e9nyletsorozat szerd\u00e1n kezd\u0151d\u0151 t\u00e1rgyal\u00e1ssorozat\u00e1t. A 130 \u00e1ldozatot k\u00f6vetel\u0151 terroresem\u00e9ny b\u00fcntet\u0151per\u00e9hez hasonl\u00f3t sem m\u00e9ret\u00e9ben, sem id\u0151tartam\u00e1ban nem rendeztek m\u00e9g soha Franciaorsz\u00e1gban. Egyel\u0151re nem tudhat\u00f3, hogy a v\u00e1rhat\u00f3an kilenc h\u00f3napig tart\u00f3 elj\u00e1r\u00e1s sor\u00e1n az 1800 t\u00fal\u00e9l\u0151 \u00e9s az elhunytak hozz\u00e1tartoz\u00f3i k\u00f6z\u00fcl&#8230;<\/p>\n","protected":false},"author":1,"featured_media":0,"comment_status":"closed","ping_status":"open","sticky":false,"template":"","format":"standard","meta":{"om_disable_all_campaigns":false,"_monsterinsights_skip_tracking":false,"_monsterinsights_sitenote_active":false,"_monsterinsights_sitenote_note":"","_monsterinsights_sitenote_category":0,"spay_email":"","footnotes":""},"categories":[1],"tags":[11,8,12,7,9,13,10],"class_list":["post-145","post","type-post","status-publish","format-standard","hentry","category-uncategorized","tag-abdeslam","tag-birosag","tag-merenylet","tag-per","tag-targyaloterem","tag-terrorszervezet","tag-vadlottak"],"jetpack_featured_media_url":"","_links":{"self":[{"href":"https:\/\/vilaghir.com\/index.php\/wp-json\/wp\/v2\/posts\/145","targetHints":{"allow":["GET"]}}],"collection":[{"href":"https:\/\/vilaghir.com\/index.php\/wp-json\/wp\/v2\/posts"}],"about":[{"href":"https:\/\/vilaghir.com\/index.php\/wp-json\/wp\/v2\/types\/post"}],"author":[{"embeddable":true,"href":"https:\/\/vilaghir.com\/index.php\/wp-json\/wp\/v2\/users\/1"}],"replies":[{"embeddable":true,"href":"https:\/\/vilaghir.com\/index.php\/wp-json\/wp\/v2\/comments?post=145"}],"version-history":[{"count":27,"href":"https:\/\/vilaghir.com\/index.php\/wp-json\/wp\/v2\/posts\/145\/revisions"}],"predecessor-version":[{"id":391,"href":"https:\/\/vilaghir.com\/index.php\/wp-json\/wp\/v2\/posts\/145\/revisions\/391"}],"wp:attachment":[{"href":"https:\/\/vilaghir.com\/index.php\/wp-json\/wp\/v2\/media?parent=145"}],"wp:term":[{"taxonomy":"category","embeddable":true,"href":"https:\/\/vilaghir.com\/index.php\/wp-json\/wp\/v2\/categories?post=145"},{"taxonomy":"post_tag","embeddable":true,"href":"https:\/\/vilaghir.com\/index.php\/wp-json\/wp\/v2\/tags?post=145"}],"curies":[{"name":"wp","href":"https:\/\/api.w.org\/{rel}","templated":true}]}}